{"id":70694,"date":"2024-07-24T08:29:31","date_gmt":"2024-07-24T14:29:31","guid":{"rendered":"https:\/\/zonaroja.com.mx\/?p=70694"},"modified":"2024-07-24T08:29:33","modified_gmt":"2024-07-24T14:29:33","slug":"opinion-llego-la-justicia-una-vez-mas-para-voces-de-la-ausencia","status":"publish","type":"post","link":"https:\/\/zonaroja.com.mx\/?p=70694","title":{"rendered":"Opini\u00f3n. Lleg\u00f3 la justicia una vez m\u00e1s para Voces de la Ausencia\u00a0"},"content":{"rendered":"\n<p>Frida Guerrera Villalvazo*<\/p>\n\n\n\n<p>Judith Cruz Fierro, era madre de siete mujeres y un ni\u00f1o, la m\u00e1s peque\u00f1a era una beb\u00e9 de un a\u00f1o y siete meses, seis depend\u00edan de ella.&nbsp;<\/p>\n\n\n\n<p>El 13 de enero del 2018, Albertino, su pareja, le marc\u00f3 y Judith sali\u00f3 a verle. Entre Albertino y su hermano Santos la forzaron a subir a una camioneta, El 15 de enero la familia de Judith supo que hab\u00edan encontrado a una mujer en el Pedregal. Al acudir con las autoridades confirmaron que era ella.<\/p>\n\n\n\n<p>Durante cuatro a\u00f1os, los hermanos Osorio Urbina, Albertino y Santos, anduvieron pr\u00f3fugos, pero el 22 de febrero de 2022, fueron aprehendidos y vinculados a proceso.&nbsp;<\/p>\n\n\n\n<p>El 23 de noviembre de 2023 Santos, fue sentenciado a 55 a\u00f1os.&nbsp;El 19&nbsp;de julio de 2024, Albertino recibi\u00f3 una pena de 47 a\u00f1os por el feminicidio de Judith.&nbsp;<\/p>\n\n\n\n<p>La familia tambi\u00e9n quiere agradecer a aquella persona sin la cual esta sentencia ser\u00eda solamente un deseo lejano, aquella que hizo todo porque Judith recibiera la justicia que merec\u00eda.&nbsp;<\/p>\n\n\n\n<p>Tambi\u00e9n agradecen a su equipo de trabajo, al licenciado V\u00edctor L\u00f3pez \u00c1vila, la licenciada Zuleima&nbsp;Anah\u00ed Pedraza Vargas, de la Comisi\u00f3n de Atenci\u00f3n a&nbsp;V\u00edctimas, quienes les apoyaron, de principio a fin, a cada uno de los familiares con los que pudieron apoyarse.&nbsp;<\/p>\n\n\n\n<p>Las Voces de la Ausencia abrazamos a la familia de Judith y nos sumamos al agradecimiento a esa gran mujer quien nos ha dado algo que no pens\u00e1bamos tener, esperanza.&nbsp;<\/p>\n\n\n\n<p>Pensamos en aquellas familias que como la de Judith tienen un doloroso despertar a la cruel realidad de nuestro pa\u00eds, el feminicidio. Los ni\u00f1os, quienes como los de Judith, ven partir a sus madres sin saber que no volver\u00e1n, no merecen ese dolor.&nbsp;<\/p>\n\n\n\n<p>Ir\u00f3nicamente, los asesinos lloran y piden piedad, una piedad que ellos no tuvieron con sus v\u00edctimas, quieren que los jueces tengan compasi\u00f3n por su edad, por sus hijos, compasi\u00f3n que no tuvieron ellos. Por ello nosotros pedimos\u00a0justicia.<\/p>\n\n\n\n<p>* Fotoperiodista y activista.<\/p>\n","protected":false},"excerpt":{"rendered":"<p>Frida Guerrera Villalvazo* Judith Cruz Fierro, era madre de siete mujeres y un ni\u00f1o, la&hellip;<\/p>\n","protected":false},"author":2,"featured_media":69816,"comment_status":"closed","ping_status":"open","sticky":false,"template":"","format":"standard","meta":{"_lmt_disableupdate":"","_lmt_disable":"","_jetpack_memberships_contains_paid_content":false,"footnotes":""},"categories":[456,109],"tags":[1377],"class_list":["post-70694","post","type-post","status-publish","format-standard","has-post-thumbnail","hentry","category-columna","category-minuto-a-minuto","tag-frida-guerrera-villalvazo"],"jetpack_featured_media_url":"https:\/\/zonaroja.com.mx\/wp-content\/uploads\/2024\/06\/Frida-Guerrera-Veronica-Villalvazo.jpg","jetpack_sharing_enabled":true,"_links":{"self":[{"href":"https:\/\/zonaroja.com.mx\/index.php?rest_route=\/wp\/v2\/posts\/70694","targetHints":{"allow":["GET"]}}],"collection":[{"href":"https:\/\/zonaroja.com.mx\/index.php?rest_route=\/wp\/v2\/posts"}],"about":[{"href":"https:\/\/zonaroja.com.mx\/index.php?rest_route=\/wp\/v2\/types\/post"}],"author":[{"embeddable":true,"href":"https:\/\/zonaroja.com.mx\/index.php?rest_route=\/wp\/v2\/users\/2"}],"replies":[{"embeddable":true,"href":"https:\/\/zonaroja.com.mx\/index.php?rest_route=%2Fwp%2Fv2%2Fcomments&post=70694"}],"version-history":[{"count":1,"href":"https:\/\/zonaroja.com.mx\/index.php?rest_route=\/wp\/v2\/posts\/70694\/revisions"}],"predecessor-version":[{"id":70695,"href":"https:\/\/zonaroja.com.mx\/index.php?rest_route=\/wp\/v2\/posts\/70694\/revisions\/70695"}],"wp:featuredmedia":[{"embeddable":true,"href":"https:\/\/zonaroja.com.mx\/index.php?rest_route=\/wp\/v2\/media\/69816"}],"wp:attachment":[{"href":"https:\/\/zonaroja.com.mx\/index.php?rest_route=%2Fwp%2Fv2%2Fmedia&parent=70694"}],"wp:term":[{"taxonomy":"category","embeddable":true,"href":"https:\/\/zonaroja.com.mx\/index.php?rest_route=%2Fwp%2Fv2%2Fcategories&post=70694"},{"taxonomy":"post_tag","embeddable":true,"href":"https:\/\/zonaroja.com.mx\/index.php?rest_route=%2Fwp%2Fv2%2Ftags&post=70694"}],"curies":[{"name":"wp","href":"https:\/\/api.w.org\/{rel}","templated":true}]}}