{"id":70696,"date":"2024-07-24T22:36:51","date_gmt":"2024-07-25T04:36:51","guid":{"rendered":"https:\/\/zonaroja.com.mx\/?p=70696"},"modified":"2024-07-24T22:36:52","modified_gmt":"2024-07-25T04:36:52","slug":"designa-congreso-a-titular-de-la-fiscalia-especializada-en-delitos-electorales","status":"publish","type":"post","link":"https:\/\/zonaroja.com.mx\/?p=70696","title":{"rendered":"Designa Congreso a titular de la Fiscal\u00eda Especializada en Delitos Electorales"},"content":{"rendered":"\n<p>Redacci\u00f3n\/Zona Roja.<\/p>\n\n\n\n<p>Oaxaca de Ju\u00e1rez, Oax., a 24 de julio de 2024.- La 65 Legislatura local design\u00f3 a Iv\u00e1n Garc\u00eda L\u00f3pez como titular de la Fiscal\u00eda Especializada en Delitos Electorales de Oaxaca, por un periodo de siete a\u00f1os.<\/p>\n\n\n\n<p>Lo anterior, luego de aprobar la terna enviada por el gobernador de Oaxaca, derivado de las 11 postulaciones recibidas por el Congreso local ante la emisi\u00f3n de la convocatoria respectiva. &nbsp;<\/p>\n\n\n\n<p>En la sesi\u00f3n extraordinaria, el Pleno otorg\u00f3 32 votos a Iv\u00e1n Garc\u00eda L\u00f3pez, mientras al ciudadano Raymundo Jes\u00fas Delgado Arias cero votos y a la ciudadana Gloria \u00c1ngeles Cruz L\u00f3pez un voto. &nbsp;<\/p>\n\n\n\n<p>La Comisi\u00f3n Permanente de Administraci\u00f3n y Procuraci\u00f3n de Justicia que preside la diputada Lizett Arroyo Rodr\u00edguez, se\u00f1al\u00f3 que la persona designada cuenta con la experiencia, as\u00ed como con el conocimiento necesario en lo que se refiere a la procuraci\u00f3n de justicia en materia de delitos electorales, para asumir los retos que impone la titularidad de dicha Fiscal\u00eda.<\/p>\n\n\n\n<p>Luego de ser elegido como fiscal, el ciudadano Iv\u00e1n Garc\u00eda L\u00f3pez rindi\u00f3 protesta del cargo ante la Mesa Directiva de la LXV Legislatura local.<\/p>\n\n\n\n<p>Esta designaci\u00f3n se da ante la conclusi\u00f3n del nombramiento de la maestra Esther Araceli Pinelo L\u00f3pez, quien el 9 de junio de 2017 fue elegida como Fiscal Especializada en Delitos Electorales del Estado, y cuyo cargo termin\u00f3 el 9 de junio de 2024.<\/p>\n","protected":false},"excerpt":{"rendered":"<p>Redacci\u00f3n\/Zona Roja. Oaxaca de Ju\u00e1rez, Oax., a 24 de julio de 2024.- La 65 Legislatura&hellip;<\/p>\n","protected":false},"author":2,"featured_media":70697,"comment_status":"closed","ping_status":"open","sticky":false,"template":"","format":"standard","meta":{"_lmt_disableupdate":"","_lmt_disable":"","_jetpack_memberships_contains_paid_content":false,"footnotes":""},"categories":[109,46],"tags":[2743],"class_list":["post-70696","post","type-post","status-publish","format-standard","has-post-thumbnail","hentry","category-minuto-a-minuto","category-zona-blanca","tag-65-legislatura-del-estado-de-oaxaca"],"jetpack_featured_media_url":"https:\/\/zonaroja.com.mx\/wp-content\/uploads\/2024\/07\/Designa-Congreso-a-Titular-de-la-Fiscalia-Especializada-en-Delitos-Electorales-de-Oaxaca.jpeg","jetpack_sharing_enabled":true,"_links":{"self":[{"href":"https:\/\/zonaroja.com.mx\/index.php?rest_route=\/wp\/v2\/posts\/70696","targetHints":{"allow":["GET"]}}],"collection":[{"href":"https:\/\/zonaroja.com.mx\/index.php?rest_route=\/wp\/v2\/posts"}],"about":[{"href":"https:\/\/zonaroja.com.mx\/index.php?rest_route=\/wp\/v2\/types\/post"}],"author":[{"embeddable":true,"href":"https:\/\/zonaroja.com.mx\/index.php?rest_route=\/wp\/v2\/users\/2"}],"replies":[{"embeddable":true,"href":"https:\/\/zonaroja.com.mx\/index.php?rest_route=%2Fwp%2Fv2%2Fcomments&post=70696"}],"version-history":[{"count":1,"href":"https:\/\/zonaroja.com.mx\/index.php?rest_route=\/wp\/v2\/posts\/70696\/revisions"}],"predecessor-version":[{"id":70698,"href":"https:\/\/zonaroja.com.mx\/index.php?rest_route=\/wp\/v2\/posts\/70696\/revisions\/70698"}],"wp:featuredmedia":[{"embeddable":true,"href":"https:\/\/zonaroja.com.mx\/index.php?rest_route=\/wp\/v2\/media\/70697"}],"wp:attachment":[{"href":"https:\/\/zonaroja.com.mx\/index.php?rest_route=%2Fwp%2Fv2%2Fmedia&parent=70696"}],"wp:term":[{"taxonomy":"category","embeddable":true,"href":"https:\/\/zonaroja.com.mx\/index.php?rest_route=%2Fwp%2Fv2%2Fcategories&post=70696"},{"taxonomy":"post_tag","embeddable":true,"href":"https:\/\/zonaroja.com.mx\/index.php?rest_route=%2Fwp%2Fv2%2Ftags&post=70696"}],"curies":[{"name":"wp","href":"https:\/\/api.w.org\/{rel}","templated":true}]}}