{"id":70705,"date":"2024-07-25T08:30:00","date_gmt":"2024-07-25T14:30:00","guid":{"rendered":"https:\/\/zonaroja.com.mx\/?p=70705"},"modified":"2024-07-25T06:58:39","modified_gmt":"2024-07-25T12:58:39","slug":"el-dialogo-esta-ahora-solo-falta-aplicar-justicia-angeles-cruz","status":"publish","type":"post","link":"https:\/\/zonaroja.com.mx\/?p=70705","title":{"rendered":"\u201cEl di\u00e1logo est\u00e1, ahora s\u00f3lo falta aplicar justicia\u201d: \u00c1ngeles Cruz"},"content":{"rendered":"\n<p>Raymundo Morales\/Zona Roja.<\/p>\n\n\n\n<p>Oaxaca de Ju\u00e1rez, Oax., a 25 de julio de 2024.- Luego de una reuni\u00f3n el martes en la Secretar\u00eda de Gobierno, la actriz y cineasta oaxaque\u00f1a fue recibida ayer en el Palacio de Gobierno por el mandatario Salom\u00f3n Jara Cruz.<\/p>\n\n\n\n<p>De acuerdo con fotograf\u00edas difundidas por el titular del Ejecutivo, el encuentro fue privado y estuvo presente un reducido grupo de personas; hasta el momento no hay informaci\u00f3n acerca de los acuerdos.<\/p>\n\n\n\n<p>Fue la afamada artista la que dio a conocer su postura, posterior al encuentro, a trav\u00e9s de redes sociales.<\/p>\n\n\n\n<p>\u201cNo nos vamos a callar, seguimos esperando una soluci\u00f3n, el di\u00e1logo est\u00e1, ahora s\u00f3lo falta aplicar justicia, una justicia pronta, porque seguimos en peligro\u201d.<\/p>\n\n\n\n<p>Por su parte, Jara Cruz expuso tambi\u00e9n en sus cuentas personales digitales un texto que acompa\u00f1\u00f3 a las fotograf\u00edas divulgadas:<\/p>\n\n\n\n<p>\u201cEn la Casa del Pueblo dialogu\u00e9 con la destacada cineasta mixteca \u00c1ngeles Cruz, con el objetivo de impulsar la paz territorial y la justicia que su pueblo y regi\u00f3n exige.<\/p>\n\n\n\n<p>\u201cEn la #PrimaveraOaxaque\u00f1a siempre seremos respetuosos de la libre manifestaci\u00f3n de ideas y el derecho que todos y todas tienen de exigir soluci\u00f3n a sus demandas y esta no es la excepci\u00f3n\u201d.<\/p>\n\n\n\n<p>La artista originaria de San Miguel El Grande denunci\u00f3 el pasado fin de semana una en\u00e9sima incursi\u00f3n violenta por parte de Llano de Guadalupe, Heroica Ciudad de Tlaxiaco, contra la comunidad de L\u00e1zaro C\u00e1rdenas, ocurrida el pasado 17 de julio.<\/p>\n\n\n\n<p>Tras ello, protest\u00f3 de manera pac\u00edfica el primer Lunes del Cerro en el auditorio \u201cGuelaguetza\u201d, donde acus\u00f3 que fue intimidada por polic\u00edas y funcionarios; en el mismo hecho, fue agredido el fot\u00f3grafo Edwin Hern\u00e1ndez.<\/p>\n\n\n\n<p>Tras esos hechos, el martes el gobernador dio a conocer un video en que salud\u00f3 de manera afectuosa a la cineasta y actriz mexicana y que hab\u00edan acordado un encuentro.<\/p>\n\n\n\n<p>Mientras tanto, diversos organismos de la sociedad civil, activistas y ciudadanos, respaldan a \u00c1ngeles Cruz en su exigencia de justicia, tanto por los hechos recientes como por al menos ocho cr\u00edmenes perpetrados el a\u00f1o pasado,&nbsp; que incluye a un hermano de la cineasta como v\u00edctima fatal.<\/p>\n","protected":false},"excerpt":{"rendered":"<p>Raymundo Morales\/Zona Roja. Oaxaca de Ju\u00e1rez, Oax., a 25 de julio de 2024.- Luego de&hellip;<\/p>\n","protected":false},"author":2,"featured_media":70706,"comment_status":"closed","ping_status":"open","sticky":false,"template":"","format":"standard","meta":{"_lmt_disableupdate":"","_lmt_disable":"","_jetpack_memberships_contains_paid_content":false,"footnotes":""},"categories":[109,47],"tags":[2510,939],"class_list":["post-70705","post","type-post","status-publish","format-standard","has-post-thumbnail","hentry","category-minuto-a-minuto","category-zona-gris","tag-angeles-cruz-murillo","tag-salomon-jara-cruz"],"jetpack_featured_media_url":"https:\/\/zonaroja.com.mx\/wp-content\/uploads\/2024\/07\/Salomon-Jara-y-Angeles-Cruz.jpeg","jetpack_sharing_enabled":true,"_links":{"self":[{"href":"https:\/\/zonaroja.com.mx\/index.php?rest_route=\/wp\/v2\/posts\/70705","targetHints":{"allow":["GET"]}}],"collection":[{"href":"https:\/\/zonaroja.com.mx\/index.php?rest_route=\/wp\/v2\/posts"}],"about":[{"href":"https:\/\/zonaroja.com.mx\/index.php?rest_route=\/wp\/v2\/types\/post"}],"author":[{"embeddable":true,"href":"https:\/\/zonaroja.com.mx\/index.php?rest_route=\/wp\/v2\/users\/2"}],"replies":[{"embeddable":true,"href":"https:\/\/zonaroja.com.mx\/index.php?rest_route=%2Fwp%2Fv2%2Fcomments&post=70705"}],"version-history":[{"count":1,"href":"https:\/\/zonaroja.com.mx\/index.php?rest_route=\/wp\/v2\/posts\/70705\/revisions"}],"predecessor-version":[{"id":70707,"href":"https:\/\/zonaroja.com.mx\/index.php?rest_route=\/wp\/v2\/posts\/70705\/revisions\/70707"}],"wp:featuredmedia":[{"embeddable":true,"href":"https:\/\/zonaroja.com.mx\/index.php?rest_route=\/wp\/v2\/media\/70706"}],"wp:attachment":[{"href":"https:\/\/zonaroja.com.mx\/index.php?rest_route=%2Fwp%2Fv2%2Fmedia&parent=70705"}],"wp:term":[{"taxonomy":"category","embeddable":true,"href":"https:\/\/zonaroja.com.mx\/index.php?rest_route=%2Fwp%2Fv2%2Fcategories&post=70705"},{"taxonomy":"post_tag","embeddable":true,"href":"https:\/\/zonaroja.com.mx\/index.php?rest_route=%2Fwp%2Fv2%2Ftags&post=70705"}],"curies":[{"name":"wp","href":"https:\/\/api.w.org\/{rel}","templated":true}]}}