{"id":70719,"date":"2024-07-25T18:57:42","date_gmt":"2024-07-26T00:57:42","guid":{"rendered":"https:\/\/zonaroja.com.mx\/?p=70719"},"modified":"2024-07-25T18:57:43","modified_gmt":"2024-07-26T00:57:43","slug":"sin-victimas-enfrentamiento-en-limites-de-oaxaca-con-veracruz","status":"publish","type":"post","link":"https:\/\/zonaroja.com.mx\/?p=70719","title":{"rendered":"Sin v\u00edctimas, enfrentamiento en l\u00edmites de Oaxaca con Veracruz"},"content":{"rendered":"\n<p>Redacci\u00f3n\/Zona Roja.<\/p>\n\n\n\n<p>Oaxaca de Ju\u00e1rez, Oax., a 25 de julio de 2024.- La Fiscal\u00eda General del Estado de Oaxaca (FGEO) dio a conocer que inici\u00f3 la carpeta de investigaci\u00f3n correspondiente, luego de tomar conocimiento de los hechos suscitados durante la noche del mi\u00e9rcoles 24 de julio de 2024, cuando las autoridades municipales de la regi\u00f3n de la Cuenca reportaron detonaciones de arma de fuego en los l\u00edmites del estado de Oaxaca -en el municipio de Cosolapa- y Veracruz, en la comunidad de Tezonapa.<\/p>\n\n\n\n<p>En un comunicado, indic\u00f3 que derivado de los trabajos en campo realizados por un equipo multidisciplinario, la FGEO confirm\u00f3 que, por estos hechos no existe hallazgo, localizaci\u00f3n o reporte de personas fallecidas ni lesionadas, aunque las investigaciones siguen su curso.<\/p>\n\n\n\n<p>Adem\u00e1s, se realiz\u00f3 el aseguramiento de una camioneta con placas de Puebla la cual fue abandonada, la cual qued\u00f3 a disposici\u00f3n de la autoridad ministerial correspondiente.<\/p>\n\n\n\n<p>Luego de tener conocimiento, la Fiscal\u00eda despleg\u00f3 a un equipo multidisciplinario para realizar una investigaci\u00f3n integral que considere todo el contexto de los hechos y permita presentar ante la justicia a quien o quienes resulten responsables.<\/p>\n\n\n\n<p>Reiter\u00f3 su compromiso con la investigaci\u00f3n de cualquier tipo de violencia, adem\u00e1s que invita a realizar las denuncias correspondientes para hacer m\u00e1s s\u00f3lidas las investigaciones ministeriales.<\/p>\n\n\n\n<p>De su lado, el Gobierno del Estado de Oaxaca lament\u00f3 los hechos violentos ocurridos la noche de este mi\u00e9rcoles en el municipio de Tezonapa, Veracruz, en los l\u00edmites con el estado de Oaxaca, \u201cpor lo que redoblar\u00e1 los trabajos de seguridad en la zona.<\/p>\n\n\n\n<p>\u201cDespu\u00e9s del enfrentamiento armado registrado en el territorio veracruzano, la Secretar\u00eda de Seguridad y Protecci\u00f3n Ciudadana (SSPC) despleg\u00f3 un operativo preventivo con elementos destacamentados en la regi\u00f3n de la Cuenca del Papaloapan\u201d, expuso en un comunicado.<\/p>\n","protected":false},"excerpt":{"rendered":"<p>Redacci\u00f3n\/Zona Roja. Oaxaca de Ju\u00e1rez, Oax., a 25 de julio de 2024.- La Fiscal\u00eda General&hellip;<\/p>\n","protected":false},"author":2,"featured_media":70720,"comment_status":"closed","ping_status":"open","sticky":false,"template":"","format":"standard","meta":{"_lmt_disableupdate":"","_lmt_disable":"","_jetpack_memberships_contains_paid_content":false,"footnotes":""},"categories":[109,47],"tags":[494],"class_list":["post-70719","post","type-post","status-publish","format-standard","has-post-thumbnail","hentry","category-minuto-a-minuto","category-zona-gris","tag-fiscalia-general-del-estado-de-oaxaca"],"jetpack_featured_media_url":"https:\/\/zonaroja.com.mx\/wp-content\/uploads\/2024\/07\/Enfrentamiento-Tezonapa-Cosolapa.jpeg","jetpack_sharing_enabled":true,"_links":{"self":[{"href":"https:\/\/zonaroja.com.mx\/index.php?rest_route=\/wp\/v2\/posts\/70719","targetHints":{"allow":["GET"]}}],"collection":[{"href":"https:\/\/zonaroja.com.mx\/index.php?rest_route=\/wp\/v2\/posts"}],"about":[{"href":"https:\/\/zonaroja.com.mx\/index.php?rest_route=\/wp\/v2\/types\/post"}],"author":[{"embeddable":true,"href":"https:\/\/zonaroja.com.mx\/index.php?rest_route=\/wp\/v2\/users\/2"}],"replies":[{"embeddable":true,"href":"https:\/\/zonaroja.com.mx\/index.php?rest_route=%2Fwp%2Fv2%2Fcomments&post=70719"}],"version-history":[{"count":1,"href":"https:\/\/zonaroja.com.mx\/index.php?rest_route=\/wp\/v2\/posts\/70719\/revisions"}],"predecessor-version":[{"id":70721,"href":"https:\/\/zonaroja.com.mx\/index.php?rest_route=\/wp\/v2\/posts\/70719\/revisions\/70721"}],"wp:featuredmedia":[{"embeddable":true,"href":"https:\/\/zonaroja.com.mx\/index.php?rest_route=\/wp\/v2\/media\/70720"}],"wp:attachment":[{"href":"https:\/\/zonaroja.com.mx\/index.php?rest_route=%2Fwp%2Fv2%2Fmedia&parent=70719"}],"wp:term":[{"taxonomy":"category","embeddable":true,"href":"https:\/\/zonaroja.com.mx\/index.php?rest_route=%2Fwp%2Fv2%2Fcategories&post=70719"},{"taxonomy":"post_tag","embeddable":true,"href":"https:\/\/zonaroja.com.mx\/index.php?rest_route=%2Fwp%2Fv2%2Ftags&post=70719"}],"curies":[{"name":"wp","href":"https:\/\/api.w.org\/{rel}","templated":true}]}}