{"id":70722,"date":"2024-07-25T20:08:24","date_gmt":"2024-07-26T02:08:24","guid":{"rendered":"https:\/\/zonaroja.com.mx\/?p=70722"},"modified":"2024-07-25T20:08:27","modified_gmt":"2024-07-26T02:08:27","slug":"crece-ligeramente-percepcion-de-inseguridad-en-la-ciudad-de-oaxaca","status":"publish","type":"post","link":"https:\/\/zonaroja.com.mx\/?p=70722","title":{"rendered":"Crece ligeramente percepci\u00f3n de inseguridad en la ciudad de Oaxaca"},"content":{"rendered":"\n<p>Ismael Garc\u00eda M.\/Zona Roja.<\/p>\n\n\n\n<p>Oaxaca de Ju\u00e1rez, Oax., a 25 de julio de 2024.- La percepci\u00f3n de inseguridad en la ciudad de Oaxaca tuvo un ligero incremento en el segundo trimestre del a\u00f1o, seg\u00fan cifras del Inegi.<\/p>\n\n\n\n<p>De acuerdo con los datos dados a conocer en la Encuesta de Seguridad P\u00fablica Urbana, de enero a marzo, el 57.8% de la poblaci\u00f3n de 18 a\u00f1os y m\u00e1s dijo sentirse insegura, mientras que de abril a junio fue de 59.9%, lo que significa un aumento de 3.6%.<\/p>\n\n\n\n<p>NACIONAL<\/p>\n\n\n\n<p>A nivel nacional, en junio de 2024, 59.4 % de la poblaci\u00f3n de 18 a\u00f1os y m\u00e1s, residente en 91 \u00e1reas urbanas (ciudades) de inter\u00e9s, consider\u00f3 que es inseguro vivir en su ciudad.&nbsp;<\/p>\n\n\n\n<p>Lo anterior representa un cambio estad\u00edsticamente significativo con relaci\u00f3n a los porcentajes que se registraron en marzo de 2024 y en junio de 2023 (61.0 y 62.3 %, respectivamente).&nbsp;<\/p>\n\n\n\n<p>En esta edici\u00f3n, 15 \u00e1reas urbanas (ciudades) tuvieron cambios estad\u00edsticamente significativos frente a marzo de 2024: 10 presentaron reducciones y 5, incrementos.&nbsp;<\/p>\n\n\n\n<p>En junio de 2024, 65.1 % de las mujeres y 52.4 % de los hombres consideraron que vivir en su ciudad era inseguro.&nbsp;<\/p>\n\n\n\n<p>Las \u00e1reas urbanas (ciudades) de inter\u00e9s con mayor porcentaje de personas de 18 a\u00f1os y m\u00e1s que consideraron que vivir en su ciudad es inseguro fueron: Fresnillo (94.7 %), Naucalpan de Ju\u00e1rez (89.2 %), Uruapan (86.8 %), Irapuato (84.8 %), Tapachula (84.7 %) y Zacatecas (84.7 %).&nbsp;<\/p>\n\n\n\n<p>En contraste, las \u00e1reas urbanas donde la percepci\u00f3n de inseguridad result\u00f3 menor fueron: San Pedro Garza Garc\u00eda (11.7 %), Piedras Negras (14.3 %), Los Cabos (16.7 %), Los Mochis (18.7 %), Benito Ju\u00e1rez (18.9 %) y Saltillo (21.4 %).&nbsp;<\/p>\n\n\n\n<p>En cuanto a la percepci\u00f3n de inseguridad en espacios f\u00edsicos espec\u00edficos, en junio de 2024, 67.9 % de la poblaci\u00f3n manifest\u00f3 sentirse insegura en los cajeros autom\u00e1ticos localizados en la v\u00eda p\u00fablica; 62.7 %, en el transporte p\u00fablico; 53.7 %, en la carretera y 52.9 %, en el banco.&nbsp;<\/p>\n\n\n\n<p>En junio de 2024, 32.4 % de la poblaci\u00f3n de 18 a\u00f1os y m\u00e1s, residente en las \u00e1reas urbanas (ciudades) de inter\u00e9s, consider\u00f3 que, en los pr\u00f3ximos 12 meses, la situaci\u00f3n de la delincuencia e inseguridad en su ciudad seguir\u00e1 igual de mal. Por otra parte, 18.1 % de la poblaci\u00f3n refiri\u00f3 que la situaci\u00f3n empeorar\u00e1 en los pr\u00f3ximos 12 meses. En contraste, 18.8 % de la poblaci\u00f3n de 18 a\u00f1os y m\u00e1s dijo que la situaci\u00f3n de la delincuencia e inseguridad en su \u00e1rea urbana seguir\u00e1 igual de bien y 28.7 % manifest\u00f3 que mejorar\u00e1.&nbsp;<\/p>\n\n\n\n<p>Durante el segundo trimestre de 2024, 36.7 % de la poblaci\u00f3n de 18 a\u00f1os y m\u00e1s tuvo alg\u00fan conflicto o enfrentamiento, de manera directa, con familiares, con las o los vecinos, con las o los compa\u00f1eros de trabajo o escuela, con establecimientos, o con autoridades de gobierno.&nbsp;<\/p>\n\n\n\n<p>Durante el segundo trimestre de 2024, 44.4 % de la poblaci\u00f3n de 18 a\u00f1os y m\u00e1s, residente en las ciudades objeto de estudio, manifest\u00f3 que modific\u00f3 sus h\u00e1bitos respecto a llevar cosas de valor, como joyas, dinero o tarjetas de cr\u00e9dito, por temor a sufrir alg\u00fan delito.&nbsp;<\/p>\n\n\n\n<p>Adem\u00e1s, 39.3 % modific\u00f3 rutinas en cuanto a permitir que sus hijos o hijas menores salgan de su vivienda, 38.8 % reconoci\u00f3 haber cambiado h\u00e1bitos en cuanto a caminar por los alrededores de su vivienda despu\u00e9s de las 8 de la noche y 24.3 % cambi\u00f3 rutinas relacionadas con visitar parientes o amigos y amigas.&nbsp;<\/p>\n","protected":false},"excerpt":{"rendered":"<p>Ismael Garc\u00eda M.\/Zona Roja. Oaxaca de Ju\u00e1rez, Oax., a 25 de julio de 2024.- La&hellip;<\/p>\n","protected":false},"author":2,"featured_media":70723,"comment_status":"closed","ping_status":"open","sticky":false,"template":"","format":"standard","meta":{"_lmt_disableupdate":"","_lmt_disable":"","_jetpack_memberships_contains_paid_content":false,"footnotes":""},"categories":[109,47],"tags":[1287],"class_list":["post-70722","post","type-post","status-publish","format-standard","has-post-thumbnail","hentry","category-minuto-a-minuto","category-zona-gris","tag-encuesta-nacional-de-seguridad-publica-urbana-inegi"],"jetpack_featured_media_url":"https:\/\/zonaroja.com.mx\/wp-content\/uploads\/2024\/07\/Encuesta-seguridad-publica-urbana.jpg","jetpack_sharing_enabled":true,"_links":{"self":[{"href":"https:\/\/zonaroja.com.mx\/index.php?rest_route=\/wp\/v2\/posts\/70722","targetHints":{"allow":["GET"]}}],"collection":[{"href":"https:\/\/zonaroja.com.mx\/index.php?rest_route=\/wp\/v2\/posts"}],"about":[{"href":"https:\/\/zonaroja.com.mx\/index.php?rest_route=\/wp\/v2\/types\/post"}],"author":[{"embeddable":true,"href":"https:\/\/zonaroja.com.mx\/index.php?rest_route=\/wp\/v2\/users\/2"}],"replies":[{"embeddable":true,"href":"https:\/\/zonaroja.com.mx\/index.php?rest_route=%2Fwp%2Fv2%2Fcomments&post=70722"}],"version-history":[{"count":1,"href":"https:\/\/zonaroja.com.mx\/index.php?rest_route=\/wp\/v2\/posts\/70722\/revisions"}],"predecessor-version":[{"id":70724,"href":"https:\/\/zonaroja.com.mx\/index.php?rest_route=\/wp\/v2\/posts\/70722\/revisions\/70724"}],"wp:featuredmedia":[{"embeddable":true,"href":"https:\/\/zonaroja.com.mx\/index.php?rest_route=\/wp\/v2\/media\/70723"}],"wp:attachment":[{"href":"https:\/\/zonaroja.com.mx\/index.php?rest_route=%2Fwp%2Fv2%2Fmedia&parent=70722"}],"wp:term":[{"taxonomy":"category","embeddable":true,"href":"https:\/\/zonaroja.com.mx\/index.php?rest_route=%2Fwp%2Fv2%2Fcategories&post=70722"},{"taxonomy":"post_tag","embeddable":true,"href":"https:\/\/zonaroja.com.mx\/index.php?rest_route=%2Fwp%2Fv2%2Ftags&post=70722"}],"curies":[{"name":"wp","href":"https:\/\/api.w.org\/{rel}","templated":true}]}}