{"id":70725,"date":"2024-07-25T21:10:26","date_gmt":"2024-07-26T03:10:26","guid":{"rendered":"https:\/\/zonaroja.com.mx\/?p=70725"},"modified":"2024-07-25T21:10:28","modified_gmt":"2024-07-26T03:10:28","slug":"se-entrega-en-eu-el-mayo-zambada-tambien-hijo-de-el-chapo","status":"publish","type":"post","link":"https:\/\/zonaroja.com.mx\/?p=70725","title":{"rendered":"Se entrega en EU \u201cEl Mayo\u201d Zambada; tambi\u00e9n hijo de \u201cEl Chapo\u201d"},"content":{"rendered":"\n<p>Redacci\u00f3n\/Zona Roja Cdmx.<\/p>\n\n\n\n<p>Ciudad de M\u00e9xico, a 25 de julio de 2024.- Ismael \u2018El Mayo\u2019 Zambada, presunto l\u00edder del C\u00e1rtel de Sinaloa, y Joaqu\u00edn Guzm\u00e1n L\u00f3pez \u2018El G\u00fcero\u2019, hijo de \u2018El Chapo\u2019, fueron detenidos por agentes de la DEA en El Paso, Texas, la tarde de este jueves 25 de julio.<\/p>\n\n\n\n<p>El Fiscal General Merrick B. Garland, del Departamento de Justicia de los Estados Unidos, confirm\u00f3 el arresto de ambos narcotraficantes, quienes enfrentan m\u00faltiples cargos por liderar las operaciones criminales del c\u00e1rtel, incluidas \u201csus letales redes de fabricaci\u00f3n y tr\u00e1fico de fentanilo\u201d.<\/p>\n\n\n\n<p>De acuerdo con primeras versiones, el llamado \u2018Se\u00f1or de la Monta\u00f1a\u2019 y Guzm\u00e1n L\u00f3pez habr\u00edan sido aprehendidos en un aeropuerto de la ciudad fronteriza tras a\u00f1os de eludir la c\u00e1rcel.<\/p>\n\n\n\n<p>Cabe recordar que Estados Unidos ofrec\u00eda una recompensa de 15 millones de d\u00f3lares por Zambada Garc\u00eda, quien ahora repite el mismo destino que su predecesor, Joaqu\u00edn \u2018El Chapo\u2019 Guzm\u00e1n.<\/p>\n\n\n\n<p>Zambada, quien ser\u00e1 procesado por las autoridades estadounidenses, enfrenta una serie de acusaciones por delitos relacionados con el narcotr\u00e1fico y crimen organizado en el pa\u00eds vecino.<\/p>\n\n\n\n<p>Apenas en febrero pasado, la Corte del Distrito Este de Nueva York acus\u00f3 al \u2018Mayo\u2019 Zambada de fabricaci\u00f3n y distribuci\u00f3n de fentanilo.<\/p>\n\n\n\n<p>Antes, ya hab\u00eda sido se\u00f1alado de crimen organizado, conspiraci\u00f3n para cometer asesinato, lavado de dinero y distintos delitos relacionados con el narcotr\u00e1fico, como el trasiego de coca\u00edna, hero\u00edna y metanfetamina hacia los Estados Unidos.<\/p>\n\n\n\n<p>El nombre del Ismael Zambada Garc\u00eda aparece en los expedientes de inteligencia estadounidenses desde hace 40 a\u00f1os y en ellos es descrito como la cabeza m\u00e1s visible del C\u00e1rtel de Sinaloa.<\/p>\n\n\n\n<p>\u201cZambada Garc\u00eda es \u00fanico porque ha pasado toda su vida adulta como un importante narcotraficante internacional, pero nunca ha pasado un d\u00eda en la c\u00e1rcel.\u201d, se\u00f1ala un documento del Departamento de Estado.<\/p>\n\n\n\n<p>LA \u201cCACER\u00cdA\u00bb<\/p>\n\n\n\n<p>La b\u00fasqueda del capo de la droga se intensific\u00f3 a partir de la \u2018guerra\u2019 declarada por Estados Unidos a los c\u00e1rteles mexicanos, a quienes acusa de ser los principales responsables de las muertes relacionadas con el consumo de fentanilo en aquel pa\u00eds.<\/p>\n\n\n\n<p>Desde entonces, Washington ha logrado capturas clave como el de Ovidio Guzm\u00e1n L\u00f3pez, otro de los hijos de \u2018El Chapo\u2019 y supuesta cabeza de Los Chapitos, as\u00ed como del sicario principal del C\u00e1rtel de Sinaloa, N\u00e9stor Isidro P\u00e9rez Salas, alias \u2018El Nini\u2019.<\/p>\n\n\n\n<p>\u2018El Mayo\u2019, de 76 a\u00f1os, fund\u00f3 el C\u00e1rtel de Sinaloa junto con su antiguo l\u00edder Joaqu\u00edn Guzm\u00e1n Loera en 1988.<\/p>\n\n\n\n<p>Tras la detenci\u00f3n definitiva de \u2018El Chapo\u2019 en 2014, se cree que Zambada tom\u00f3 las riendas de la organizaci\u00f3n, aunque en los \u00faltimos a\u00f1os, la DEA ha puesto en duda su liderazgo debido a su delicado estado de salud.<\/p>\n\n\n\n<p>(Informaci\u00f3n de \u201cEl Financiero\u201d)<\/p>\n","protected":false},"excerpt":{"rendered":"<p>Redacci\u00f3n\/Zona Roja Cdmx. Ciudad de M\u00e9xico, a 25 de julio de 2024.- Ismael \u2018El Mayo\u2019&hellip;<\/p>\n","protected":false},"author":2,"featured_media":70726,"comment_status":"closed","ping_status":"open","sticky":false,"template":"","format":"standard","meta":{"_lmt_disableupdate":"","_lmt_disable":"","_jetpack_memberships_contains_paid_content":false,"footnotes":""},"categories":[109,46],"tags":[3847],"class_list":["post-70725","post","type-post","status-publish","format-standard","has-post-thumbnail","hentry","category-minuto-a-minuto","category-zona-blanca","tag-ismael-el-mayo-zambada"],"jetpack_featured_media_url":"https:\/\/zonaroja.com.mx\/wp-content\/uploads\/2024\/07\/Ismael-Mayo-Zambada.webp","jetpack_sharing_enabled":true,"_links":{"self":[{"href":"https:\/\/zonaroja.com.mx\/index.php?rest_route=\/wp\/v2\/posts\/70725","targetHints":{"allow":["GET"]}}],"collection":[{"href":"https:\/\/zonaroja.com.mx\/index.php?rest_route=\/wp\/v2\/posts"}],"about":[{"href":"https:\/\/zonaroja.com.mx\/index.php?rest_route=\/wp\/v2\/types\/post"}],"author":[{"embeddable":true,"href":"https:\/\/zonaroja.com.mx\/index.php?rest_route=\/wp\/v2\/users\/2"}],"replies":[{"embeddable":true,"href":"https:\/\/zonaroja.com.mx\/index.php?rest_route=%2Fwp%2Fv2%2Fcomments&post=70725"}],"version-history":[{"count":1,"href":"https:\/\/zonaroja.com.mx\/index.php?rest_route=\/wp\/v2\/posts\/70725\/revisions"}],"predecessor-version":[{"id":70727,"href":"https:\/\/zonaroja.com.mx\/index.php?rest_route=\/wp\/v2\/posts\/70725\/revisions\/70727"}],"wp:featuredmedia":[{"embeddable":true,"href":"https:\/\/zonaroja.com.mx\/index.php?rest_route=\/wp\/v2\/media\/70726"}],"wp:attachment":[{"href":"https:\/\/zonaroja.com.mx\/index.php?rest_route=%2Fwp%2Fv2%2Fmedia&parent=70725"}],"wp:term":[{"taxonomy":"category","embeddable":true,"href":"https:\/\/zonaroja.com.mx\/index.php?rest_route=%2Fwp%2Fv2%2Fcategories&post=70725"},{"taxonomy":"post_tag","embeddable":true,"href":"https:\/\/zonaroja.com.mx\/index.php?rest_route=%2Fwp%2Fv2%2Ftags&post=70725"}],"curies":[{"name":"wp","href":"https:\/\/api.w.org\/{rel}","templated":true}]}}