{"id":70740,"date":"2024-07-26T09:30:00","date_gmt":"2024-07-26T15:30:00","guid":{"rendered":"https:\/\/zonaroja.com.mx\/?p=70740"},"modified":"2024-07-26T08:31:02","modified_gmt":"2024-07-26T14:31:02","slug":"desaparecen-tres-jovenes-y-un-adolescente-en-zanatepec-oaxaca","status":"publish","type":"post","link":"https:\/\/zonaroja.com.mx\/?p=70740","title":{"rendered":"Desaparecen 4 j\u00f3venes y un adolescente en Zanatepec, Oaxaca"},"content":{"rendered":"\n<p>Ismael Garc\u00eda M.\/Zona Roja.<\/p>\n\n\n\n<p>Oaxaca de Ju\u00e1rez, Oax., a 26 de julio de 2024.- Cuatro j\u00f3venes y un adolescentes son buscados por sus familiares desde hace casi una semana, en Santo Domingo Zanatepec, municipio de la zona oriente de la regi\u00f3n del Istmo de Tehuantepec.<\/p>\n\n\n\n<p>De acuerdo con la ficha de b\u00fasqueda, se trata Pedro Hinojosa Baloes, de 17 a\u00f1os de edad; Abisa\u00ed Navarrete Zepeda, de 24 a\u00f1os; Juan Jacinto Remezal Hinojosa, de 21 a\u00f1os, Sergio Yahir Hinojosa Fiallo, de 19 a\u00f1os,  y Sergio Guadalupe Burgoa Dupl\u00e1n, de 19 a\u00f1os; son originarios de San Mateo del Mar.<\/p>\n\n\n\n<p>Los cuatro partieron el 21 de julio pasado de Zanatepec a bordo de una camioneta marca Ford, tipo S\u00faper Duty con campera, con placas de circulaci\u00f3n HE-5347-B del estado de Guerrero.<\/p>\n\n\n\n<p>Hasta el momento se desconoce su paradero y desde el momento de la denuncia, la Unidad de B\u00fasqueda de Personas Desaparecidas y No Localizadas, dependiente de la Fiscal\u00eda General del Estado de Oaxaca, tom\u00f3 el caso y realiza las indagatorias.<\/p>\n\n\n\n<p>El pasado 27 de abril, al menos ocho personas, varias de ellas j\u00f3venes, desaparecieron de diversas localidades de la regi\u00f3n Costa del estado, entre ellas Santa Mar\u00eda Colotepec y Puerto Escondido, Mixtepec.<\/p>\n\n\n\n<p>Pese a intensos operativos por parte de corporaciones de los tres niveles de gobierno, hasta ahora se desconoce el paradero de ellos.<\/p>\n","protected":false},"excerpt":{"rendered":"<p>Ismael Garc\u00eda M.\/Zona Roja. Oaxaca de Ju\u00e1rez, Oax., a 26 de julio de 2024.- Cuatro&hellip;<\/p>\n","protected":false},"author":2,"featured_media":70741,"comment_status":"closed","ping_status":"open","sticky":false,"template":"","format":"standard","meta":{"_lmt_disableupdate":"","_lmt_disable":"","_jetpack_memberships_contains_paid_content":false,"footnotes":""},"categories":[109,47],"tags":[809],"class_list":["post-70740","post","type-post","status-publish","format-standard","has-post-thumbnail","hentry","category-minuto-a-minuto","category-zona-gris","tag-santo-domingo-zanatepec"],"jetpack_featured_media_url":"https:\/\/zonaroja.com.mx\/wp-content\/uploads\/2024\/07\/ca82318d-6150-4f0e-9d19-61abdef77233.jpg","jetpack_sharing_enabled":true,"_links":{"self":[{"href":"https:\/\/zonaroja.com.mx\/index.php?rest_route=\/wp\/v2\/posts\/70740","targetHints":{"allow":["GET"]}}],"collection":[{"href":"https:\/\/zonaroja.com.mx\/index.php?rest_route=\/wp\/v2\/posts"}],"about":[{"href":"https:\/\/zonaroja.com.mx\/index.php?rest_route=\/wp\/v2\/types\/post"}],"author":[{"embeddable":true,"href":"https:\/\/zonaroja.com.mx\/index.php?rest_route=\/wp\/v2\/users\/2"}],"replies":[{"embeddable":true,"href":"https:\/\/zonaroja.com.mx\/index.php?rest_route=%2Fwp%2Fv2%2Fcomments&post=70740"}],"version-history":[{"count":2,"href":"https:\/\/zonaroja.com.mx\/index.php?rest_route=\/wp\/v2\/posts\/70740\/revisions"}],"predecessor-version":[{"id":70750,"href":"https:\/\/zonaroja.com.mx\/index.php?rest_route=\/wp\/v2\/posts\/70740\/revisions\/70750"}],"wp:featuredmedia":[{"embeddable":true,"href":"https:\/\/zonaroja.com.mx\/index.php?rest_route=\/wp\/v2\/media\/70741"}],"wp:attachment":[{"href":"https:\/\/zonaroja.com.mx\/index.php?rest_route=%2Fwp%2Fv2%2Fmedia&parent=70740"}],"wp:term":[{"taxonomy":"category","embeddable":true,"href":"https:\/\/zonaroja.com.mx\/index.php?rest_route=%2Fwp%2Fv2%2Fcategories&post=70740"},{"taxonomy":"post_tag","embeddable":true,"href":"https:\/\/zonaroja.com.mx\/index.php?rest_route=%2Fwp%2Fv2%2Ftags&post=70740"}],"curies":[{"name":"wp","href":"https:\/\/api.w.org\/{rel}","templated":true}]}}