{"id":70746,"date":"2024-07-26T08:26:32","date_gmt":"2024-07-26T14:26:32","guid":{"rendered":"https:\/\/zonaroja.com.mx\/?p=70746"},"modified":"2024-07-26T12:33:03","modified_gmt":"2024-07-26T18:33:03","slug":"se-congratula-biden-de-captura-del-mayo-zambada-y-del-hijo-de-el-chapo","status":"publish","type":"post","link":"https:\/\/zonaroja.com.mx\/?p=70746","title":{"rendered":"Se congratula Biden de captura del \u201cMayo\u201d Zambada y del hijo de \u201cEl Chapo\u201d"},"content":{"rendered":"\n<p>Redacci\u00f3n\/Zona Roja Cdmx.<\/p>\n\n\n\n<p>Ciudad de M\u00e9xico, a 26 de julio de 2024.- El presidente de Estados Unidos, Joe Biden, celebr\u00f3 la detenci\u00f3n de dos de los l\u00edderes m\u00e1s notorios del C\u00e1rtel de Sinaloa: Ismael \u2018El Mayo\u2019 Zambada y Joaqu\u00edn Guzm\u00e1n L\u00f3pez; este \u00faltimo integrante de \u201cLos Chapitos\u201d.<\/p>\n\n\n\n<p>A trav\u00e9s de un comunicado, el l\u00edder del pa\u00eds de las barras y estrellas felicit\u00f3 el trabajo de los agentes del orden de EEUU, quienes, asegur\u00f3, han trabajado continuamente para llevar a las principales cabecillas del tambi\u00e9n Cartel del Pac\u00edfico ante la justicia.<\/p>\n\n\n\n<p>\u201cAyer, el Departamento de Justicia arrest\u00f3 a Ismael \u2018Zambada\u2019 Garc\u00eda y Joaqu\u00edn Guzm\u00e1n L\u00f3pez, dos de los l\u00edderes m\u00e1s notorios del Cartel de Sinaloa, una de las empresas m\u00e1s mort\u00edferas del mundo. Est\u00e1n siendo acusados de liderar las mort\u00edferas redes de fabricaci\u00f3n y tr\u00e1fico de drogas\u201d, declar\u00f3.<\/p>\n\n\n\n<p>\u201cDemasiados de nuestros ciudadanos han perdido la vida a causa del flagelo del fentanilo. Demasiadas familias se han roto y est\u00e1n sufriendo a causa de esta droga destructiva. Mi administraci\u00f3n seguir\u00e1 haciendo todo lo posible para que los narcotraficantes letales rindan cuentas y para salvar vidas estadounidenses\u201d, agreg\u00f3.<\/p>\n\n\n\n<p>(Informaci\u00f3n de Infobae M\u00e9xico)<\/p>\n","protected":false},"excerpt":{"rendered":"<p>Redacci\u00f3n\/Zona Roja Cdmx. Ciudad de M\u00e9xico, a 26 de julio de 2024.- El presidente de&hellip;<\/p>\n","protected":false},"author":2,"featured_media":70747,"comment_status":"closed","ping_status":"open","sticky":false,"template":"","format":"standard","meta":{"_lmt_disableupdate":"","_lmt_disable":"","_jetpack_memberships_contains_paid_content":false,"footnotes":""},"categories":[109,46],"tags":[3847],"class_list":["post-70746","post","type-post","status-publish","format-standard","has-post-thumbnail","hentry","category-minuto-a-minuto","category-zona-blanca","tag-ismael-el-mayo-zambada"],"jetpack_featured_media_url":"https:\/\/zonaroja.com.mx\/wp-content\/uploads\/2024\/07\/Mayo-Zambada.jpg","jetpack_sharing_enabled":true,"_links":{"self":[{"href":"https:\/\/zonaroja.com.mx\/index.php?rest_route=\/wp\/v2\/posts\/70746","targetHints":{"allow":["GET"]}}],"collection":[{"href":"https:\/\/zonaroja.com.mx\/index.php?rest_route=\/wp\/v2\/posts"}],"about":[{"href":"https:\/\/zonaroja.com.mx\/index.php?rest_route=\/wp\/v2\/types\/post"}],"author":[{"embeddable":true,"href":"https:\/\/zonaroja.com.mx\/index.php?rest_route=\/wp\/v2\/users\/2"}],"replies":[{"embeddable":true,"href":"https:\/\/zonaroja.com.mx\/index.php?rest_route=%2Fwp%2Fv2%2Fcomments&post=70746"}],"version-history":[{"count":2,"href":"https:\/\/zonaroja.com.mx\/index.php?rest_route=\/wp\/v2\/posts\/70746\/revisions"}],"predecessor-version":[{"id":70758,"href":"https:\/\/zonaroja.com.mx\/index.php?rest_route=\/wp\/v2\/posts\/70746\/revisions\/70758"}],"wp:featuredmedia":[{"embeddable":true,"href":"https:\/\/zonaroja.com.mx\/index.php?rest_route=\/wp\/v2\/media\/70747"}],"wp:attachment":[{"href":"https:\/\/zonaroja.com.mx\/index.php?rest_route=%2Fwp%2Fv2%2Fmedia&parent=70746"}],"wp:term":[{"taxonomy":"category","embeddable":true,"href":"https:\/\/zonaroja.com.mx\/index.php?rest_route=%2Fwp%2Fv2%2Fcategories&post=70746"},{"taxonomy":"post_tag","embeddable":true,"href":"https:\/\/zonaroja.com.mx\/index.php?rest_route=%2Fwp%2Fv2%2Ftags&post=70746"}],"curies":[{"name":"wp","href":"https:\/\/api.w.org\/{rel}","templated":true}]}}