{"id":70751,"date":"2024-07-26T11:31:00","date_gmt":"2024-07-26T17:31:00","guid":{"rendered":"https:\/\/zonaroja.com.mx\/?p=70751"},"modified":"2024-07-26T08:33:43","modified_gmt":"2024-07-26T14:33:43","slug":"condenan-a-55-anos-de-prision-a-feminicida-de-tuxtepec","status":"publish","type":"post","link":"https:\/\/zonaroja.com.mx\/?p=70751","title":{"rendered":"Condenan a 55 a\u00f1os de prisi\u00f3n a feminicida de Tuxtepec"},"content":{"rendered":"\n<p>Redacci\u00f3n\/Zona Roja.<\/p>\n\n\n\n<p>Oaxaca de Ju\u00e1rez, Oax., 26 de julio de 2024.- La Fiscal\u00eda General del Estado de Oaxaca (FGEO) obtuvo una sentencia condenatoria de 55 a\u00f1os de prisi\u00f3n en contra de una persona del sexo masculino identificado como Armando N.H., responsable por la comisi\u00f3n del delito de Feminicidio, ocurrido en la regi\u00f3n de la Cuenca del Papaloapan.<\/p>\n\n\n\n<p>De acuerdo con lo asentado en el expediente penal, el delito ocurri\u00f3 el 19 de abril de 2019 en inmediaciones de la colonia Piragua de San Juan Bautista Tuxtepec, lugar donde la v\u00edctima -identificada con iniciales R.L.M.- fue interceptada por Armando N. H. quien la agredi\u00f3 con un arma punzo-cortante, con la cual le ocasion\u00f3 lesiones en diversas partes del cuerpo, las cuales provocaron su fallecimiento.<\/p>\n\n\n\n<p>Ante estos hechos, la Fiscal\u00eda de Oaxaca inici\u00f3 las investigaciones -a trav\u00e9s de la Vicefiscal\u00eda Regional de la Cuenca-, logrando obtener una orden de aprehensi\u00f3n contra el imputado que, una vez detenido, fue presentado ante la autoridad correspondiente.<\/p>\n\n\n\n<p>En audiencia y tras validar los datos de prueba aportados por la FGEO, el Juez que atiende la causa dict\u00f3 sentencia condenatoria de 55 a\u00f1os de prisi\u00f3n contra el Armando N.H., por su responsabilidad en la comisi\u00f3n del delito de Feminicidio, adem\u00e1s de imponer una multa por m\u00e1s de 60 mil pesos y m\u00e1s de 400 mil por concepto de reparaci\u00f3n del da\u00f1o.<\/p>\n\n\n\n<p>OTRO POR HOMICIDA<\/p>\n\n\n\n<p>Por otra parte, la investigaci\u00f3n de delitos de alto impacto que corren a cargo de la Fiscal\u00eda General del Estado de Oaxaca (FGEO) dio como resultado la obtenci\u00f3n de una sentencia condenatoria de ocho a\u00f1os de prisi\u00f3n contra una persona del sexo masculino identificada como Enrique A.M., responsable de la comisi\u00f3n del delito de Homicidio en grado de Tentativa, ocurrido en la regi\u00f3n de la Costa.<\/p>\n\n\n\n<p>De acuerdo con lo asentado en los legajos de investigaci\u00f3n, la agresi\u00f3n ocurri\u00f3 el 3 de septiembre de 2023, cuando la v\u00edctima L.H.P, circulaba a bordo de una cuatrimoto por calles de la poblaci\u00f3n de San Crist\u00f3bal del municipio de San Agust\u00edn Chayuco del distrito de Jamiltepec, lugar donde fue impactado por un veh\u00edculo de motor que lo tir\u00f3 de su unidad.<\/p>\n\n\n\n<p>La investigaci\u00f3n revela que una vez en el suelo, el responsable pas\u00f3 su unidad de motor encima del cuerpo de la v\u00edctima quien, a\u00fan con heridas trat\u00f3 de escapar de su agresor quien, tras alcanzarlo, lo atac\u00f3 con un objeto corto contundente (machete), provoc\u00e1ndole lesiones en diversas partes del cuerpo que pusieron en peligro su vida.<\/p>\n\n\n\n<p>Luego de la denuncia interpuesta, la FGEO inici\u00f3 las investigaciones correspondientes a trav\u00e9s de la Vicefiscal\u00eda Regional de la Costa, logrando aprehender y presentar ante el Juez de la causa al imputado para su proceso legal correspondiente.<\/p>\n\n\n\n<p>Luego de evaluar los datos de prueba aportados por la FGEO, en audiencia, el juez dict\u00f3 sentencia condenatoria de ocho a\u00f1os de prisi\u00f3n en contra de Enrique A.M., por el delito de Homicidio en grado de Tentativa, as\u00ed como la reparaci\u00f3n del da\u00f1o en abstracto.<\/p>\n","protected":false},"excerpt":{"rendered":"<p>Redacci\u00f3n\/Zona Roja. Oaxaca de Ju\u00e1rez, Oax., 26 de julio de 2024.- La Fiscal\u00eda General del&hellip;<\/p>\n","protected":false},"author":2,"featured_media":67819,"comment_status":"closed","ping_status":"open","sticky":false,"template":"","format":"standard","meta":{"_lmt_disableupdate":"","_lmt_disable":"","_jetpack_memberships_contains_paid_content":false,"footnotes":""},"categories":[109,46],"tags":[494],"class_list":["post-70751","post","type-post","status-publish","format-standard","has-post-thumbnail","hentry","category-minuto-a-minuto","category-zona-blanca","tag-fiscalia-general-del-estado-de-oaxaca"],"jetpack_featured_media_url":"https:\/\/zonaroja.com.mx\/wp-content\/uploads\/2024\/04\/Prision-carcel.jpeg","jetpack_sharing_enabled":true,"_links":{"self":[{"href":"https:\/\/zonaroja.com.mx\/index.php?rest_route=\/wp\/v2\/posts\/70751","targetHints":{"allow":["GET"]}}],"collection":[{"href":"https:\/\/zonaroja.com.mx\/index.php?rest_route=\/wp\/v2\/posts"}],"about":[{"href":"https:\/\/zonaroja.com.mx\/index.php?rest_route=\/wp\/v2\/types\/post"}],"author":[{"embeddable":true,"href":"https:\/\/zonaroja.com.mx\/index.php?rest_route=\/wp\/v2\/users\/2"}],"replies":[{"embeddable":true,"href":"https:\/\/zonaroja.com.mx\/index.php?rest_route=%2Fwp%2Fv2%2Fcomments&post=70751"}],"version-history":[{"count":1,"href":"https:\/\/zonaroja.com.mx\/index.php?rest_route=\/wp\/v2\/posts\/70751\/revisions"}],"predecessor-version":[{"id":70752,"href":"https:\/\/zonaroja.com.mx\/index.php?rest_route=\/wp\/v2\/posts\/70751\/revisions\/70752"}],"wp:featuredmedia":[{"embeddable":true,"href":"https:\/\/zonaroja.com.mx\/index.php?rest_route=\/wp\/v2\/media\/67819"}],"wp:attachment":[{"href":"https:\/\/zonaroja.com.mx\/index.php?rest_route=%2Fwp%2Fv2%2Fmedia&parent=70751"}],"wp:term":[{"taxonomy":"category","embeddable":true,"href":"https:\/\/zonaroja.com.mx\/index.php?rest_route=%2Fwp%2Fv2%2Fcategories&post=70751"},{"taxonomy":"post_tag","embeddable":true,"href":"https:\/\/zonaroja.com.mx\/index.php?rest_route=%2Fwp%2Fv2%2Ftags&post=70751"}],"curies":[{"name":"wp","href":"https:\/\/api.w.org\/{rel}","templated":true}]}}