{"id":70753,"date":"2024-07-26T12:35:00","date_gmt":"2024-07-26T18:35:00","guid":{"rendered":"https:\/\/zonaroja.com.mx\/?p=70753"},"modified":"2024-07-26T08:40:35","modified_gmt":"2024-07-26T14:40:35","slug":"aprueban-reformas-para-para-prevenir-y-sancionar-acoso-sexual-en-espacios-publicos","status":"publish","type":"post","link":"https:\/\/zonaroja.com.mx\/?p=70753","title":{"rendered":"Aprueban reformas para para prevenir y sancionar acoso sexual en espacios p\u00fablicos"},"content":{"rendered":"\n<p>Redacci\u00f3n\/Zona Roja.<\/p>\n\n\n\n<p>Oaxaca de Ju\u00e1rez, Oax., a 26 de julio de 2024.- El pleno de la 65 Legislatura local aprob\u00f3 dos decretos por los cuales se reforman diversas disposiciones de la Ley Estatal de Acceso de las Mujeres a una Vida Libre de Violencia de G\u00e9nero, con el prop\u00f3sito de prevenir y erradicar el acoso sexual en los espacios p\u00fablicos.<\/p>\n\n\n\n<p>Por ello, se agreg\u00f3 el art\u00edculo 18 Ter, en el cual se considera acoso sexual en espacios p\u00fablicos a la forma de violencia que conlleva a un abuso de poder hacia la v\u00edctima, sin tener relaci\u00f3n alguna con el agresor.<\/p>\n\n\n\n<p>Este tipo de agresi\u00f3n se manifiesta a trav\u00e9s de una conducta f\u00edsica y verbal de connotaci\u00f3n sexual no consentida, que se ejerce sobre una o varias personas, en espacios y medios de transporte p\u00fablico, refiere el dictamen.<\/p>\n\n\n\n<p>Tambi\u00e9n, se reform\u00f3 el art\u00edculo 61 de la mencionada ley para que sea labor de la Secretar\u00eda de Seguridad y Protecci\u00f3n Ciudadana el dise\u00f1ar e implementar acciones y operativos coordinados con las polic\u00edas municipales de forma permanente para prevenir, sancionar y erradicar el acoso sexual en lugares p\u00fablicos.<\/p>\n\n\n\n<p>Por otra parte, dentro de estas reformas aprobadas tambi\u00e9n se modific\u00f3 el art\u00edculo 7 para establecer que, ejerce violencia econ\u00f3mica sobre la mujer, quien se desentienda de sus obligaciones familiares de aportar recursos econ\u00f3micos, realizar labores dom\u00e9sticas y del cuidado de las personas dependientes de la familia, as\u00ed como las aportaciones necesarias para la preservaci\u00f3n o incremento del patrimonio familiar.<\/p>\n\n\n\n<p>De igual manera, se a\u00f1adi\u00f3 la fracci\u00f3n XII al art\u00edculo 7 de esta ley, para considerar como violencia la ejercida a trav\u00e9s de interp\u00f3sita persona, esto es cualquier acto u omisi\u00f3n que, con el objetivo de causar perjuicio o da\u00f1o a las mujeres, se dirige contra los hijos, familiares o personas allegadas, ya sea que se tenga o se haya tenido una relaci\u00f3n de matrimonio, concubinato o haya mantenido una relaci\u00f3n de hecho con la persona agresora.<\/p>\n\n\n\n<p>Este tipo de agresi\u00f3n se manifiesta a trav\u00e9s de amenazas con causar da\u00f1o a los hijos u ocultar, retener o sustraerlos de sus hogares, adem\u00e1s de utilizarlos para obtener informaci\u00f3n, promover, incitar o fomentar actos de violencia f\u00edsica o psicol\u00f3gica en contra de la madre.<\/p>\n\n\n\n<p>Estos decretos, aprobados en sesi\u00f3n con 30 y 33 votos a favor por el Pleno, entrar\u00e1n en vigor al d\u00eda siguiente de su publicaci\u00f3n en el Peri\u00f3dico Oficial del Estado de Oaxaca.<\/p>\n","protected":false},"excerpt":{"rendered":"<p>Redacci\u00f3n\/Zona Roja. Oaxaca de Ju\u00e1rez, Oax., a 26 de julio de 2024.- El pleno de&hellip;<\/p>\n","protected":false},"author":2,"featured_media":70754,"comment_status":"closed","ping_status":"open","sticky":false,"template":"","format":"standard","meta":{"_lmt_disableupdate":"","_lmt_disable":"","_jetpack_memberships_contains_paid_content":false,"footnotes":""},"categories":[109,47],"tags":[2743],"class_list":["post-70753","post","type-post","status-publish","format-standard","has-post-thumbnail","hentry","category-minuto-a-minuto","category-zona-gris","tag-65-legislatura-del-estado-de-oaxaca"],"jetpack_featured_media_url":"https:\/\/zonaroja.com.mx\/wp-content\/uploads\/2024\/07\/Legisla-Congreso-para-prevenir-y-sancionar-el-acoso-sexual-en-espacios-publicos_1.jpeg","jetpack_sharing_enabled":true,"_links":{"self":[{"href":"https:\/\/zonaroja.com.mx\/index.php?rest_route=\/wp\/v2\/posts\/70753","targetHints":{"allow":["GET"]}}],"collection":[{"href":"https:\/\/zonaroja.com.mx\/index.php?rest_route=\/wp\/v2\/posts"}],"about":[{"href":"https:\/\/zonaroja.com.mx\/index.php?rest_route=\/wp\/v2\/types\/post"}],"author":[{"embeddable":true,"href":"https:\/\/zonaroja.com.mx\/index.php?rest_route=\/wp\/v2\/users\/2"}],"replies":[{"embeddable":true,"href":"https:\/\/zonaroja.com.mx\/index.php?rest_route=%2Fwp%2Fv2%2Fcomments&post=70753"}],"version-history":[{"count":1,"href":"https:\/\/zonaroja.com.mx\/index.php?rest_route=\/wp\/v2\/posts\/70753\/revisions"}],"predecessor-version":[{"id":70755,"href":"https:\/\/zonaroja.com.mx\/index.php?rest_route=\/wp\/v2\/posts\/70753\/revisions\/70755"}],"wp:featuredmedia":[{"embeddable":true,"href":"https:\/\/zonaroja.com.mx\/index.php?rest_route=\/wp\/v2\/media\/70754"}],"wp:attachment":[{"href":"https:\/\/zonaroja.com.mx\/index.php?rest_route=%2Fwp%2Fv2%2Fmedia&parent=70753"}],"wp:term":[{"taxonomy":"category","embeddable":true,"href":"https:\/\/zonaroja.com.mx\/index.php?rest_route=%2Fwp%2Fv2%2Fcategories&post=70753"},{"taxonomy":"post_tag","embeddable":true,"href":"https:\/\/zonaroja.com.mx\/index.php?rest_route=%2Fwp%2Fv2%2Ftags&post=70753"}],"curies":[{"name":"wp","href":"https:\/\/api.w.org\/{rel}","templated":true}]}}