{"id":70759,"date":"2024-07-26T18:52:25","date_gmt":"2024-07-27T00:52:25","guid":{"rendered":"https:\/\/zonaroja.com.mx\/?p=70759"},"modified":"2024-07-26T20:31:32","modified_gmt":"2024-07-27T02:31:32","slug":"viernes-fatal-5-asesinados-a-balazos-y-3-lesionados","status":"publish","type":"post","link":"https:\/\/zonaroja.com.mx\/?p=70759","title":{"rendered":"Viernes fatal: 5 asesinados a balazos y 3 lesionados"},"content":{"rendered":"\n<p>\u00a0Ismael Garc\u00eda M.\/Zona Roja. Foto: ADN Sureste<\/p>\n\n\n\n<p>Oaxaca de Ju\u00e1rez, Oax., a 26 de julio de 2024.- En menos de 12 horas, cinco personas fueron asesinadas y tres m\u00e1s lesionadas por disparos de arma de fuego, en hechos distintos ocurridos en las regiones Istmo y Costa.<\/p>\n\n\n\n<p>La tarde de hoy en la calle 27 sur de la colonia 20 de Noviembre de Santiago Pinotepa Nacional, un hombre fue atacado a balazos, tras lo cual fue trasladado por param\u00e9dicos a un hospital, donde perdi\u00f3 la vida posteriormente.<\/p>\n\n\n\n<p>La v\u00edctima fue identificada de manera preliminar como \u00c1ngel \u201cN\u201d y no hay reporte de personas detenidas, pese a que fue en c\u00e9ntricas calles de dicho municipio coste\u00f1o y cerca de instalaciones de seguridad p\u00fablica.<\/p>\n\n\n\n<p>Tambi\u00e9n la tarde de este viernes pero en el municipio de Salina Cruz, se registr\u00f3 un ataque armado en contra de un individuo y de manera colateral dos personas m\u00e1s resultaron lesionadas.<\/p>\n\n\n\n<p>Los hechos sucedieron a un costado de la avenida Manuel \u00c1vila Camacho y la v\u00edctima principal fue identificada como Job Nathan D. C., quien recibi\u00f3 uno de los impactos de arma de fuego en la cabeza y su estado de salud es grave.<\/p>\n\n\n\n<p>Tampoco hay personas detenidas, pese a que fue en una zona del alta afluencia de personas y en el centro de dicha ciudad y puerto.<\/p>\n\n\n\n<figure class=\"wp-block-embed is-type-rich is-provider-twitter wp-block-embed-twitter\"><div class=\"wp-block-embed__wrapper\">\n<div class=\"twitter-tweet\"><blockquote class=\"twitter-tweet\" data-lang=\"es\"><p lang=\"es\" dir=\"ltr\"><a href=\"https:\/\/twitter.com\/hashtag\/UltimoMinuto?src=hash&amp;ref_src=twsrc%5Etfw\">#UltimoMinuto<\/a><br>Incesante la ola criminal en el Istmo de Tehuantepec. <br>Esta ma\u00f1ana localizaron cuatro cuerpos de personas asesinadas, en el interior de una unidad de motor. <br>El hallazgo fue en un camino local de Juchit\u00e1n de Zaragoza, rumbo a la base a\u00e9rea ubicada en Ciudad Ixtepec.\u2026 <a href=\"https:\/\/t.co\/S18RsTiou2\">pic.twitter.com\/S18RsTiou2<\/a><\/p>&mdash; Zona Roja Oaxaca (@ZonaRoja_Oaxaca) <a href=\"https:\/\/twitter.com\/ZonaRoja_Oaxaca\/status\/1816889464696025277?ref_src=twsrc%5Etfw\">26 de julio de 2024<\/a><\/blockquote><\/div>\n<\/div><\/figure>\n\n\n\n<p>Mientras tanto, la ma\u00f1ana de hoy en un camino local de Juchit\u00e1n de Zaragoza, con rumbo a la base a\u00e9rea de Ciudad Ixtepec, fue hallada una camioneta con al menos cuatro cuerpos de personas con varios impactos de arma de fuego.<\/p>\n\n\n\n<p>Las v\u00edctimas a\u00fan no han sido identificadas y la Fiscal\u00eda General del Estado de Oaxaca confirm\u00f3 que inici\u00f3 una investigaci\u00f3n al respecto.<\/p>\n\n\n\n<p>De la misma manera, descart\u00f3 que sea parte del grupo de j\u00f3venes que desapareci\u00f3 de Santo Domingo Zanatepec desde el pasado domingo.<\/p>\n\n\n\n<p>\u201cTras recibir el reporte, la ma\u00f1ana de este 26 de julio, el organismo procurador, a trav\u00e9s de la Vicefiscal\u00eda Regional del Istmo, despleg\u00f3 un equipo multidisciplinario para realizar las primeras indagatorias y trabajos ministeriales en torno al caso.<\/p>\n\n\n\n<p>\u201cLa Fiscal\u00eda de Oaxaca precis\u00f3 que las cuatro personas se encuentran como no identificadas y detall\u00f3 que ninguno de los cuerpos encontrados corresponde a alguna de las seis personas reportadas como no localizadas en Santo Domingo Zanatepec, sin embargo, respecto a este caso, la FGEO realiza una investigaci\u00f3n integral y multidisciplinaria para dar con su paradero.&nbsp;<\/p>\n\n\n\n<p>\u201cFinalmente, los cuerpos de las v\u00edctimas fueron trasladados para que se les realice la necropsia de ley, la cual permitir\u00e1 determinar las causas del deceso\u201d, precis\u00f3 en un comunicado.<\/p>\n\n\n\n<figure class=\"wp-block-embed is-type-rich is-provider-twitter wp-block-embed-twitter\"><div class=\"wp-block-embed__wrapper\">\n<div class=\"twitter-tweet\"><blockquote class=\"twitter-tweet\" data-lang=\"es\"><p lang=\"es\" dir=\"ltr\"><a href=\"https:\/\/twitter.com\/hashtag\/%C3%9AltimoMinuto?src=hash&amp;ref_src=twsrc%5Etfw\">#\u00daltimoMinuto<\/a><br>Terrible: ahora en el centro del municipio istme\u00f1o de Salina Cruz, atacan a balazos a una persona. <br><br>Param\u00e9dicos de la CNE lo trasladan gravemente herido a un hospital. <a href=\"https:\/\/t.co\/4lYRSsCq6O\">pic.twitter.com\/4lYRSsCq6O<\/a><\/p>&mdash; Zona Roja Oaxaca (@ZonaRoja_Oaxaca) <a href=\"https:\/\/twitter.com\/ZonaRoja_Oaxaca\/status\/1816925922727199049?ref_src=twsrc%5Etfw\">26 de julio de 2024<\/a><\/blockquote><\/div>\n<\/div><\/figure>\n","protected":false},"excerpt":{"rendered":"<p>\u00a0Ismael Garc\u00eda M.\/Zona Roja. Foto: ADN Sureste Oaxaca de Ju\u00e1rez, Oax., a 26 de julio&hellip;<\/p>\n","protected":false},"author":2,"featured_media":70760,"comment_status":"closed","ping_status":"open","sticky":false,"template":"","format":"standard","meta":{"_lmt_disableupdate":"","_lmt_disable":"","_jetpack_memberships_contains_paid_content":false,"footnotes":""},"categories":[109,51],"tags":[123],"class_list":["post-70759","post","type-post","status-publish","format-standard","has-post-thumbnail","hentry","category-minuto-a-minuto","category-zona-roja","tag-juchitan-de-zaragoza"],"jetpack_featured_media_url":"https:\/\/zonaroja.com.mx\/wp-content\/uploads\/2024\/07\/ASesinados-en-vehiculo-Juchitan.jpg","jetpack_sharing_enabled":true,"_links":{"self":[{"href":"https:\/\/zonaroja.com.mx\/index.php?rest_route=\/wp\/v2\/posts\/70759","targetHints":{"allow":["GET"]}}],"collection":[{"href":"https:\/\/zonaroja.com.mx\/index.php?rest_route=\/wp\/v2\/posts"}],"about":[{"href":"https:\/\/zonaroja.com.mx\/index.php?rest_route=\/wp\/v2\/types\/post"}],"author":[{"embeddable":true,"href":"https:\/\/zonaroja.com.mx\/index.php?rest_route=\/wp\/v2\/users\/2"}],"replies":[{"embeddable":true,"href":"https:\/\/zonaroja.com.mx\/index.php?rest_route=%2Fwp%2Fv2%2Fcomments&post=70759"}],"version-history":[{"count":2,"href":"https:\/\/zonaroja.com.mx\/index.php?rest_route=\/wp\/v2\/posts\/70759\/revisions"}],"predecessor-version":[{"id":70762,"href":"https:\/\/zonaroja.com.mx\/index.php?rest_route=\/wp\/v2\/posts\/70759\/revisions\/70762"}],"wp:featuredmedia":[{"embeddable":true,"href":"https:\/\/zonaroja.com.mx\/index.php?rest_route=\/wp\/v2\/media\/70760"}],"wp:attachment":[{"href":"https:\/\/zonaroja.com.mx\/index.php?rest_route=%2Fwp%2Fv2%2Fmedia&parent=70759"}],"wp:term":[{"taxonomy":"category","embeddable":true,"href":"https:\/\/zonaroja.com.mx\/index.php?rest_route=%2Fwp%2Fv2%2Fcategories&post=70759"},{"taxonomy":"post_tag","embeddable":true,"href":"https:\/\/zonaroja.com.mx\/index.php?rest_route=%2Fwp%2Fv2%2Ftags&post=70759"}],"curies":[{"name":"wp","href":"https:\/\/api.w.org\/{rel}","templated":true}]}}