{"id":70772,"date":"2024-07-27T08:30:00","date_gmt":"2024-07-27T14:30:00","guid":{"rendered":"https:\/\/zonaroja.com.mx\/?p=70772"},"modified":"2024-07-27T08:55:45","modified_gmt":"2024-07-27T14:55:45","slug":"crece-ola-criminal-en-el-istmo-ahora-matan-a-un-hombre-y-a-una-mujer","status":"publish","type":"post","link":"https:\/\/zonaroja.com.mx\/?p=70772","title":{"rendered":"Crece ola criminal en el Istmo: ahora matan a un hombre y a una mujer"},"content":{"rendered":"\n<p>Raymundo Morales\/Zona Roja.<\/p>\n\n\n\n<p>Oaxaca de Ju\u00e1rez, Oax., a 27 de julio de 2024.- Imparable la ola criminal en la regi\u00f3n del Istmo de Tehuantepec.<\/p>\n\n\n\n<p>Anoche en el municipio de Juchit\u00e1n de Zaragoza, fueron asesinados por disparos de ara de fuego una mujer y un hombre.<\/p>\n\n\n\n<p>El doble crimen ocurri\u00f3 en el callej\u00f3n Cazador de la Quinta Secci\u00f3n, donde acribillaron a Naneli Paola T., de 22 a\u00f1os de edad, y Ervin Azalea V. L., de 21 a\u00f1os de edad, por motivos que a\u00fan se desconocen.<\/p>\n\n\n\n<p>De acuerdo con informaci\u00f3n de medios de la regi\u00f3n del Istmo, ambos se encontraban en su motocicleta cuando arribaron sujetos armados que los asesinaron, tras lo cual huyeron sin complicaciones.<\/p>\n\n\n\n<p>Param\u00e9dicos arribaron al lugar pero los familiares ya hab\u00edan retirado los cuerpos; en tanto, personal de la Vicefiscal\u00eda Regional del Istmo inici\u00f3 las indagatorias correspondientes.<\/p>\n\n\n\n<p>Cabe mencionar que tambi\u00e9n ayer en Juchit\u00e1n fueron asesinadas cuatro personas, hasta ahora no identificadas, cuyos cuerpos fueron hallados en el interior de una camioneta en un camino local que conduce a la base a\u00e9rea de Ciudad Ixtepec.<\/p>\n\n\n\n<p>Tambi\u00e9n ayer viernes pero en el municipio de Salina Cruz, se registr\u00f3 una agresi\u00f3n armada en pleno centro de esa ciudad y puerto, con saldo de tres personas lesionadas, una de ellas de gravedad.<\/p>\n","protected":false},"excerpt":{"rendered":"<p>Raymundo Morales\/Zona Roja. Oaxaca de Ju\u00e1rez, Oax., a 27 de julio de 2024.- Imparable la&hellip;<\/p>\n","protected":false},"author":2,"featured_media":70773,"comment_status":"closed","ping_status":"open","sticky":false,"template":"","format":"standard","meta":{"_lmt_disableupdate":"","_lmt_disable":"","_jetpack_memberships_contains_paid_content":false,"footnotes":""},"categories":[109,47],"tags":[123],"class_list":["post-70772","post","type-post","status-publish","format-standard","has-post-thumbnail","hentry","category-minuto-a-minuto","category-zona-gris","tag-juchitan-de-zaragoza"],"jetpack_featured_media_url":"https:\/\/zonaroja.com.mx\/wp-content\/uploads\/2024\/07\/Asesinados-Juchitan.jpg","jetpack_sharing_enabled":true,"_links":{"self":[{"href":"https:\/\/zonaroja.com.mx\/index.php?rest_route=\/wp\/v2\/posts\/70772","targetHints":{"allow":["GET"]}}],"collection":[{"href":"https:\/\/zonaroja.com.mx\/index.php?rest_route=\/wp\/v2\/posts"}],"about":[{"href":"https:\/\/zonaroja.com.mx\/index.php?rest_route=\/wp\/v2\/types\/post"}],"author":[{"embeddable":true,"href":"https:\/\/zonaroja.com.mx\/index.php?rest_route=\/wp\/v2\/users\/2"}],"replies":[{"embeddable":true,"href":"https:\/\/zonaroja.com.mx\/index.php?rest_route=%2Fwp%2Fv2%2Fcomments&post=70772"}],"version-history":[{"count":2,"href":"https:\/\/zonaroja.com.mx\/index.php?rest_route=\/wp\/v2\/posts\/70772\/revisions"}],"predecessor-version":[{"id":70788,"href":"https:\/\/zonaroja.com.mx\/index.php?rest_route=\/wp\/v2\/posts\/70772\/revisions\/70788"}],"wp:featuredmedia":[{"embeddable":true,"href":"https:\/\/zonaroja.com.mx\/index.php?rest_route=\/wp\/v2\/media\/70773"}],"wp:attachment":[{"href":"https:\/\/zonaroja.com.mx\/index.php?rest_route=%2Fwp%2Fv2%2Fmedia&parent=70772"}],"wp:term":[{"taxonomy":"category","embeddable":true,"href":"https:\/\/zonaroja.com.mx\/index.php?rest_route=%2Fwp%2Fv2%2Fcategories&post=70772"},{"taxonomy":"post_tag","embeddable":true,"href":"https:\/\/zonaroja.com.mx\/index.php?rest_route=%2Fwp%2Fv2%2Ftags&post=70772"}],"curies":[{"name":"wp","href":"https:\/\/api.w.org\/{rel}","templated":true}]}}