{"id":70775,"date":"2024-07-27T10:00:00","date_gmt":"2024-07-27T16:00:00","guid":{"rendered":"https:\/\/zonaroja.com.mx\/?p=70775"},"modified":"2024-07-27T07:33:37","modified_gmt":"2024-07-27T13:33:37","slug":"se-extiende-fiscalia-en-tu-comunidad-a-mas-pueblos-de-oaxaca","status":"publish","type":"post","link":"https:\/\/zonaroja.com.mx\/?p=70775","title":{"rendered":"Se extiende \u201cFiscal\u00eda en tu comunidad\u201d a m\u00e1s pueblos de Oaxaca"},"content":{"rendered":"\n<p>Redacci\u00f3n\/Zona Roja.<\/p>\n\n\n\n<p>Oaxaca de Ju\u00e1rez, Oax., a 27 de julio de 2024.- Al iniciar las actividades del programa de \u201cFiscal\u00eda en tu Comunidad\u201d, que se llev\u00f3 a cabo en el municipio de Santo Tom\u00e1s Mazaltepec, el fiscal General de Oaxaca, Bernardo Rodr\u00edguez Alamilla, sostuvo que esta actividad es una oportunidad para establecer una relaci\u00f3n de confianza con las comunidades, pues permite colaboraciones m\u00e1s efectivas en materia de combate al fen\u00f3meno delictivo para disminuir su incidencia.<\/p>\n\n\n\n<p>Durante el acto inaugural estuvieron presentes el presidente municipal de Santo Tom\u00e1s Mazaltepec, Jaime Justino Cruz Velasco; la s\u00edndica municipal, Epifan\u00eda Adelfa Men\u00e9s Mat\u00edas; la s\u00edndica municipal de San Andr\u00e9s Zautla, Zoila L\u00f3pez Hern\u00e1ndez; el s\u00edndico de San Lorenzo Cacaotepec, Braulio Emanuel V\u00e1squez Cruz; el s\u00edndico de San Agust\u00edn Etla, Gregorio Santiago Velasco; el s\u00edndico de San Pablo Etla, Nicanor Meneses;&nbsp; ante quienes el fiscal Rodr\u00edguez Alamilla explic\u00f3 que entre los objetivos prioritarios del organismo est\u00e1 acercar los servicios a las comunidades, as\u00ed como establecer una din\u00e1mica de trabajo m\u00e1s efectiva con las autoridades municipales.<\/p>\n\n\n\n<p>Y agreg\u00f3 que, en una entidad como Oaxaca, fortalecer el contacto con las autoridades municipales y trabajar de la mano con los ayuntamientos permite potenciar la efectividad de los procesos de investigaci\u00f3n que realiza la Fiscal\u00eda en materia de persecuci\u00f3n del delito, mientras que, respecto al \u00e1rea preventiva, se busca fortalecer el tejido y la cohesi\u00f3n social, como parte de las acciones para disminuir la incidencia delictiva.<\/p>\n\n\n\n<p>Rodr\u00edguez Alamilla resalt\u00f3 que, por medio de este programa de proximidad social se atiende en forma integral el combate a los delitos de violencia familiar, extorsi\u00f3n telef\u00f3nica, pr\u00e9stamos gota a gota, que est\u00e1n entre los m\u00e1s recurrentes en la zona del valle de Etla, por ello, en estos procesos de acercamiento se capacita a las y los elementos de las polic\u00edas municipales respecto a la forma m\u00e1s adecuada de abordar estos delitos, al mismo tiempo que se brinda informaci\u00f3n preventiva respecto a ellos.<\/p>\n\n\n\n<p>Al intervenir el presidente municipal de Santo Tom\u00e1s Mazaltepec, Jaime Justino Cruz Velasco, puntualiz\u00f3 que este encuentro permite a las autoridades municipales reforzar sus acciones en materia de seguridad, adem\u00e1s que se mejora la calidad de atenci\u00f3n de los polic\u00edas a trav\u00e9s de la capacitaci\u00f3n.<\/p>\n\n\n\n<p>El programa de proximidad social \u201cFiscal\u00eda en tu Comunidad\u201d brinda capacitaci\u00f3n continua en temas como Informe Policial Homologado y Primer Respondiente, Procesos de atenci\u00f3n del Centro de Justicia para Mujeres, as\u00ed como temas de prevenci\u00f3n del delito en adolescentes enfocado especialmente a su relaci\u00f3n con el consumo de alcohol y drogas.<\/p>\n\n\n\n<p>EN IXTLAHUACA<\/p>\n\n\n\n<p>Previo a ello, la Fiscal\u00eda General del Estado realiz\u00f3 su d\u00e9cimo novena jornada del programa de proximidad social \u201cFiscal\u00eda en tu Comunidad\u201d, en San Andr\u00e9s Ixtlahuaca, en los Valles Centrales, en la cual participa personal de diferentes \u00e1reas, encabezados por el Fiscal General, Bernardo Rodr\u00edguez Alamilla.<\/p>\n\n\n\n<p>En presencia del presidente municipal de San Andr\u00e9s Ixtlahuaca, Delfino S\u00e1nchez Ram\u00edrez; el s\u00edndico municipal, \u00c1ngel Ariel Morales L\u00f3pez; el regidor de seguridad, Aldo Santiago Ojeda; la coordinadora de la Instancia Municipal de Las Mujeres, Luminosa Ru\u00edz Mena; la regidora de Hacienda, Lorena Margarita L\u00f3pez Morales; el regidor de Obras, Norberto Oth\u00f3n S\u00e1nchez Hern\u00e1ndez;&nbsp; el Fiscal General, Bernardo Rodr\u00edguez Alamilla expuso que, \u201cFiscal\u00eda en tu Comunidad es un programa que busca prevenir y atender las causas que generan la violencia en las comunidades, acercando a la poblaci\u00f3n y a los Ayuntamientos los servicios integrales que brinda la Instituci\u00f3n, mediante el trabajo coordinado con las autoridades\u201d.<\/p>\n\n\n\n<p>Ante ello, Rodr\u00edguez Alamilla reiter\u00f3 la importancia de generar estos espacios de di\u00e1logo, de capacitaci\u00f3n y formaci\u00f3n educativa, a fin de prevenir los delitos m\u00e1s recurrentes que se registran en las comunidades como los son: la violencia familiar, la cual debe ser prevenida y atendida, ya que cuando esta se comete genera una serie de violencias contra las mujeres que adem\u00e1s incide como factor determinante en la desarticulaci\u00f3n de los n\u00facleos familiares, pues en la mayor\u00eda de los casos, son hombres quienes la ejercen.&nbsp;<\/p>\n\n\n\n<p>A\u00f1adi\u00f3 que, un segundo delito cometido con mayor frecuencia es la extorsi\u00f3n telef\u00f3nica, de la cual se ha identificado que se realiza desde diferentes Centros de Reinserci\u00f3n Social de nivel Federal, con el objetivo de obtener alg\u00fan beneficio a trav\u00e9s de amenazas; y un tercer il\u00edcito con mayor recurrencia es el delito \u201cgota a gota\u201d, consiste en pr\u00e9stamos ilegales relacionados con redes criminales que se caracterizan por realizar cobros excesivos de manera violenta a quienes los aceptan.<\/p>\n\n\n\n<p>En este contexto, el Fiscal General, Bernardo Rodr\u00edguez Alamilla, indic\u00f3 que la labor del Organismo es hacer llegar la informaci\u00f3n preventiva a las autoridades municipales para que ellos remitan el mensaje entre la poblaci\u00f3n y as\u00ed evitar que sean v\u00edctimas de estos delitos.&nbsp;<\/p>\n\n\n\n<p>Durante su mensaje de bienvenida, el presidente municipal de San Andr\u00e9s Ixtlahuaca, Delfino S\u00e1nchez Ram\u00edrez, agradeci\u00f3 la disposici\u00f3n de acercar los servicios y capacitaciones de la Instituci\u00f3n procuradora de justicia a este municipio, las cuales ser\u00e1n de gran beneficio para la poblaci\u00f3n.<\/p>\n","protected":false},"excerpt":{"rendered":"<p>Redacci\u00f3n\/Zona Roja. Oaxaca de Ju\u00e1rez, Oax., a 27 de julio de 2024.- Al iniciar las&hellip;<\/p>\n","protected":false},"author":2,"featured_media":70776,"comment_status":"closed","ping_status":"open","sticky":false,"template":"","format":"standard","meta":{"_lmt_disableupdate":"","_lmt_disable":"","_jetpack_memberships_contains_paid_content":false,"footnotes":""},"categories":[109,46],"tags":[494],"class_list":["post-70775","post","type-post","status-publish","format-standard","has-post-thumbnail","hentry","category-minuto-a-minuto","category-zona-blanca","tag-fiscalia-general-del-estado-de-oaxaca"],"jetpack_featured_media_url":"https:\/\/zonaroja.com.mx\/wp-content\/uploads\/2024\/07\/Fiscalia-en-tu-comunidad-Mazaltepec.jpeg","jetpack_sharing_enabled":true,"_links":{"self":[{"href":"https:\/\/zonaroja.com.mx\/index.php?rest_route=\/wp\/v2\/posts\/70775","targetHints":{"allow":["GET"]}}],"collection":[{"href":"https:\/\/zonaroja.com.mx\/index.php?rest_route=\/wp\/v2\/posts"}],"about":[{"href":"https:\/\/zonaroja.com.mx\/index.php?rest_route=\/wp\/v2\/types\/post"}],"author":[{"embeddable":true,"href":"https:\/\/zonaroja.com.mx\/index.php?rest_route=\/wp\/v2\/users\/2"}],"replies":[{"embeddable":true,"href":"https:\/\/zonaroja.com.mx\/index.php?rest_route=%2Fwp%2Fv2%2Fcomments&post=70775"}],"version-history":[{"count":1,"href":"https:\/\/zonaroja.com.mx\/index.php?rest_route=\/wp\/v2\/posts\/70775\/revisions"}],"predecessor-version":[{"id":70777,"href":"https:\/\/zonaroja.com.mx\/index.php?rest_route=\/wp\/v2\/posts\/70775\/revisions\/70777"}],"wp:featuredmedia":[{"embeddable":true,"href":"https:\/\/zonaroja.com.mx\/index.php?rest_route=\/wp\/v2\/media\/70776"}],"wp:attachment":[{"href":"https:\/\/zonaroja.com.mx\/index.php?rest_route=%2Fwp%2Fv2%2Fmedia&parent=70775"}],"wp:term":[{"taxonomy":"category","embeddable":true,"href":"https:\/\/zonaroja.com.mx\/index.php?rest_route=%2Fwp%2Fv2%2Fcategories&post=70775"},{"taxonomy":"post_tag","embeddable":true,"href":"https:\/\/zonaroja.com.mx\/index.php?rest_route=%2Fwp%2Fv2%2Ftags&post=70775"}],"curies":[{"name":"wp","href":"https:\/\/api.w.org\/{rel}","templated":true}]}}