{"id":7078,"date":"2019-12-28T20:10:44","date_gmt":"2019-12-29T02:10:44","guid":{"rendered":"http:\/\/www.zonaroja.com.mx\/?p=7078"},"modified":"2019-12-28T20:10:46","modified_gmt":"2019-12-29T02:10:46","slug":"sabado-de-balaceras-y-asaltos-en-valles-y-cuenca-de-oaxaca","status":"publish","type":"post","link":"https:\/\/zonaroja.com.mx\/?p=7078","title":{"rendered":"S\u00e1bado de balaceras y asaltos, en Valles y Cuenca de Oaxaca"},"content":{"rendered":"\n<p>Redacci\u00f3n\/Zona Roja.<\/p>\n\n\n\n<p>Oaxaca de Ju\u00e1rez, Oax., 28 de diciembre\nde 2019.- Dos ataques a balazos se suscitaron este s\u00e1bado en las regiones\nCuenca del Papaloapan y Valles Centrales del estado de Oaxaca, con saldo de al\nmenos tres personas lesionadas.<\/p>\n\n\n\n<p>En el primer caso, la tarde de hoy\nderivado de un asalto se suscit\u00f3 una agresi\u00f3n a una persona, a un costado de la\ncarretera federal 175, en inmediaciones de la colonia Guillermo Gonz\u00e1lez\nGuardado, de la agencia Vicente Guerrero, Zaachila.<\/p>\n\n\n\n<p>El saldo preliminar fue un bot\u00edn por\naproximadamente 30 mil pesos, a una tienda de materiales; la v\u00edctima fue\ntrasladada a un hospital y elementos de la Polic\u00eda Estatal llegaron a la zona\npara buscar a los probables delincuentes, pero sin \u00e9xito alguno.<\/p>\n\n\n\n<p>Mientras que por la ma\u00f1ana en San Juan\nBautista Tuxtepec, municipio de la regi\u00f3n Cuenca, se suscit\u00f3 otro ataque armado,\nen contra de comerciantes.<\/p>\n\n\n\n<p>Justino Leyva Camacho, de 24 a\u00f1os de\nedad, y Luis Alberto Garc\u00eda Ortiz, de 33 a\u00f1os, se encontraban a bordo de su veh\u00edculo\ncuando fueron agredidos por sujetos desconocidos, en la calle Moctezuma de la\ncolonia La Piragua. <\/p>\n\n\n\n<p>Fueron trasladados a un hospital y\nhasta el momento no hay ninguna pista de los agresores.<\/p>\n","protected":false},"excerpt":{"rendered":"<p>Redacci\u00f3n\/Zona Roja. Oaxaca de Ju\u00e1rez, Oax., 28 de diciembre de 2019.- Dos ataques a balazos&hellip;<\/p>\n","protected":false},"author":2,"featured_media":7079,"comment_status":"closed","ping_status":"open","sticky":false,"template":"","format":"standard","meta":{"_lmt_disableupdate":"","_lmt_disable":"","_jetpack_memberships_contains_paid_content":false,"footnotes":""},"categories":[109,51],"tags":[118],"class_list":["post-7078","post","type-post","status-publish","format-standard","has-post-thumbnail","hentry","category-minuto-a-minuto","category-zona-roja","tag-san-juan-bautista-tuxtepec"],"jetpack_featured_media_url":"https:\/\/zonaroja.com.mx\/wp-content\/uploads\/2019\/12\/868ca327-15f3-433a-9887-0241b8b0631d.jpg","jetpack_sharing_enabled":true,"_links":{"self":[{"href":"https:\/\/zonaroja.com.mx\/index.php?rest_route=\/wp\/v2\/posts\/7078","targetHints":{"allow":["GET"]}}],"collection":[{"href":"https:\/\/zonaroja.com.mx\/index.php?rest_route=\/wp\/v2\/posts"}],"about":[{"href":"https:\/\/zonaroja.com.mx\/index.php?rest_route=\/wp\/v2\/types\/post"}],"author":[{"embeddable":true,"href":"https:\/\/zonaroja.com.mx\/index.php?rest_route=\/wp\/v2\/users\/2"}],"replies":[{"embeddable":true,"href":"https:\/\/zonaroja.com.mx\/index.php?rest_route=%2Fwp%2Fv2%2Fcomments&post=7078"}],"version-history":[{"count":1,"href":"https:\/\/zonaroja.com.mx\/index.php?rest_route=\/wp\/v2\/posts\/7078\/revisions"}],"predecessor-version":[{"id":7080,"href":"https:\/\/zonaroja.com.mx\/index.php?rest_route=\/wp\/v2\/posts\/7078\/revisions\/7080"}],"wp:featuredmedia":[{"embeddable":true,"href":"https:\/\/zonaroja.com.mx\/index.php?rest_route=\/wp\/v2\/media\/7079"}],"wp:attachment":[{"href":"https:\/\/zonaroja.com.mx\/index.php?rest_route=%2Fwp%2Fv2%2Fmedia&parent=7078"}],"wp:term":[{"taxonomy":"category","embeddable":true,"href":"https:\/\/zonaroja.com.mx\/index.php?rest_route=%2Fwp%2Fv2%2Fcategories&post=7078"},{"taxonomy":"post_tag","embeddable":true,"href":"https:\/\/zonaroja.com.mx\/index.php?rest_route=%2Fwp%2Fv2%2Ftags&post=7078"}],"curies":[{"name":"wp","href":"https:\/\/api.w.org\/{rel}","templated":true}]}}