{"id":70785,"date":"2024-07-27T08:31:40","date_gmt":"2024-07-27T14:31:40","guid":{"rendered":"https:\/\/zonaroja.com.mx\/?p=70785"},"modified":"2024-07-27T08:31:41","modified_gmt":"2024-07-27T14:31:41","slug":"la-reforma-judicial-va-por-el-bien-de-mexico-luisa-cortes","status":"publish","type":"post","link":"https:\/\/zonaroja.com.mx\/?p=70785","title":{"rendered":"La reforma judicial va, por el bien de M\u00e9xico: Luisa Cort\u00e9s"},"content":{"rendered":"\n<p>Raymundo Morales\/Zona Roja.<\/p>\n\n\n\n<p>Oaxaca de Ju\u00e1rez, Oax., a 27 de julio de 2024.- Pese a oposici\u00f3n de ciertos grupos, la reforma al Poder Judicial de la Federaci\u00f3n va y se prev\u00e9 a probar en septiembre pr\u00f3ximo, con el nuevo Legislativo, asegur\u00f3 la senadora electa por Oaxaca, Luisa Cort\u00e9s Garc\u00eda.<\/p>\n\n\n\n<p>\u201cLa reforma va a permitir que avancemos m\u00e1s r\u00e1pido; de repente Poder Judicial para las iniciativas y no est\u00e1 bien que pare avances, para que el pueblo est\u00e9 bien, para que nadie se quede atr\u00e1s\u201d, dijo en entrevista.<\/p>\n\n\n\n<p>Consider\u00f3 que actualmente el Poder Judicial sirve a intereses de particulares y no a la poblaci\u00f3n en general; privilegia a quienes tienen el poder del dinero y la justicia no es para las personas de escasos recursos.<\/p>\n\n\n\n<p>Puso como ejemplo algunos casos en que dicho \u00f3rgano ha impuesto frenos a las iniciativas del Poder Ejecutivo, que han pasado por el Legislativo, como es el caso de la Guardia Nacional, que deber\u00eda haber pasado al mando de la Secretar\u00eda de la Defensa Nacional.<\/p>\n\n\n\n<p>Adem\u00e1s, \u201cse acumula el rezago de expedientes, hay gente inocente encarcelada durante a\u00f1os, pero no fuera alguien que tuviera mucho dinero porque ni los expedientes ven y ya lo liberan; todo tiene que ir cambiando\u201d, expuso.<\/p>\n\n\n\n<p>La actual diputada local por el Partido Morena agreg\u00f3:<\/p>\n\n\n\n<p>\u201cPor qu\u00e9 los poderes Legislativo y Ejecutivo los nombra el pueblo y al Judicial no; cuando el pueblo los nombre, habr\u00e1 justicia para el pueblo\u201d.<\/p>\n\n\n\n<p>Consider\u00f3 que, desde luego, tendr\u00e1 que haber una selecci\u00f3n minuciosa de los integrantes de dicho \u00f3rgano, a partir de la reforma, incluso podr\u00e1n participar los actuales magistrados y jueces, pero tendr\u00e1n que sujetarse a las nuevas normas, entre ellas la selecci\u00f3n por el voto popular.<\/p>\n\n\n\n<p>Asimismo, en la pr\u00f3xima legislaci\u00f3n se deber\u00e1 observar la austeridad y que ni el presidente de la Suprema Corte ni nadie pueda ganar un sueldo superior al Presidente de la Rep\u00fablica.<\/p>\n\n\n\n<p>Dijo que como senadora electa, recorre comunidades del estado de Oaxaca para informar a la poblaci\u00f3n en general acerca de las bondades de esta reforma y para pedir el respaldo a esta y otras iniciativas del Presidente de la Rep\u00fablica, Andr\u00e9s Manuel L\u00f3pez Obrador.<\/p>\n","protected":false},"excerpt":{"rendered":"<p>Raymundo Morales\/Zona Roja. Oaxaca de Ju\u00e1rez, Oax., a 27 de julio de 2024.- Pese a&hellip;<\/p>\n","protected":false},"author":2,"featured_media":70786,"comment_status":"closed","ping_status":"open","sticky":false,"template":"","format":"standard","meta":{"_lmt_disableupdate":"","_lmt_disable":"","_jetpack_memberships_contains_paid_content":false,"footnotes":""},"categories":[109,46],"tags":[3827],"class_list":["post-70785","post","type-post","status-publish","format-standard","has-post-thumbnail","hentry","category-minuto-a-minuto","category-zona-blanca","tag-luisa-cortes-garcia"],"jetpack_featured_media_url":"https:\/\/zonaroja.com.mx\/wp-content\/uploads\/2024\/07\/Luisa-Cortes-Garcia.jpeg","jetpack_sharing_enabled":true,"_links":{"self":[{"href":"https:\/\/zonaroja.com.mx\/index.php?rest_route=\/wp\/v2\/posts\/70785","targetHints":{"allow":["GET"]}}],"collection":[{"href":"https:\/\/zonaroja.com.mx\/index.php?rest_route=\/wp\/v2\/posts"}],"about":[{"href":"https:\/\/zonaroja.com.mx\/index.php?rest_route=\/wp\/v2\/types\/post"}],"author":[{"embeddable":true,"href":"https:\/\/zonaroja.com.mx\/index.php?rest_route=\/wp\/v2\/users\/2"}],"replies":[{"embeddable":true,"href":"https:\/\/zonaroja.com.mx\/index.php?rest_route=%2Fwp%2Fv2%2Fcomments&post=70785"}],"version-history":[{"count":1,"href":"https:\/\/zonaroja.com.mx\/index.php?rest_route=\/wp\/v2\/posts\/70785\/revisions"}],"predecessor-version":[{"id":70787,"href":"https:\/\/zonaroja.com.mx\/index.php?rest_route=\/wp\/v2\/posts\/70785\/revisions\/70787"}],"wp:featuredmedia":[{"embeddable":true,"href":"https:\/\/zonaroja.com.mx\/index.php?rest_route=\/wp\/v2\/media\/70786"}],"wp:attachment":[{"href":"https:\/\/zonaroja.com.mx\/index.php?rest_route=%2Fwp%2Fv2%2Fmedia&parent=70785"}],"wp:term":[{"taxonomy":"category","embeddable":true,"href":"https:\/\/zonaroja.com.mx\/index.php?rest_route=%2Fwp%2Fv2%2Fcategories&post=70785"},{"taxonomy":"post_tag","embeddable":true,"href":"https:\/\/zonaroja.com.mx\/index.php?rest_route=%2Fwp%2Fv2%2Ftags&post=70785"}],"curies":[{"name":"wp","href":"https:\/\/api.w.org\/{rel}","templated":true}]}}