{"id":70792,"date":"2024-07-27T20:05:52","date_gmt":"2024-07-28T02:05:52","guid":{"rendered":"https:\/\/zonaroja.com.mx\/?p=70792"},"modified":"2024-07-27T20:05:54","modified_gmt":"2024-07-28T02:05:54","slug":"dia-de-terror-en-salina-cruz-ataques-armados-con-dos-muertos-y-un-herido","status":"publish","type":"post","link":"https:\/\/zonaroja.com.mx\/?p=70792","title":{"rendered":"D\u00eda de terror en Salina Cruz: ataques armados con dos muertos y un herido"},"content":{"rendered":"\n<p>Ismael Garc\u00eda M.\/Zona Roja.<\/p>\n\n\n\n<p>Oaxaca de Ju\u00e1rez, Oax., a 27 de julio de 2024.- Al menos dos ataques armados con saldo de dos personas fallecidas y una lesionada, se registraron este s\u00e1bado en el municipio de Salina Cruz.<\/p>\n\n\n\n<p>Uno de los hechos ocurri\u00f3 en una vulcanizadora ubicada en la colonia H\u00e9roes de Nacozari, donde sujetos armados agredieron a un individuo que muri\u00f3 al instante y que hasta el momento no ha sido identificado.<\/p>\n\n\n\n<p>Otra agresi\u00f3n ocurri\u00f3 en la colonia San Pablo Sur, en el interior de un bar, donde fue acribillado un individuo, tambi\u00e9n de identidad a\u00fan desconocida; en ese sitio se tiene el reporte de otra persona lesionada, que fue trasladada a un hospital.<\/p>\n\n\n\n<p>En todos los casos no hay personas detenidas, pese a que han sido en sitios cercanos al centro de esa ciudad y puerto.<\/p>\n\n\n\n<p>Apenas ayer, se registr\u00f3 un ataque armado en que tres personas resultaron lesionadas, una de ellas de gravedad, con disparos de arma de fuego en la cabeza.<\/p>\n\n\n\n<p>Pese a ello, las autoridades municipales no han implementado acciones de seguridad de emergencia ni han requerido se fortalezcan los operativos conjuntos de seguridad.<\/p>\n\n\n\n<p>La Vicefiscal\u00eda Regional del Istmo, dependiente de la Fiscal\u00eda General del Estado, inici\u00f3 las carpetas de investigaci\u00f3n correspondiente.<\/p>\n","protected":false},"excerpt":{"rendered":"<p>Ismael Garc\u00eda M.\/Zona Roja. Oaxaca de Ju\u00e1rez, Oax., a 27 de julio de 2024.- Al&hellip;<\/p>\n","protected":false},"author":2,"featured_media":70793,"comment_status":"closed","ping_status":"open","sticky":false,"template":"","format":"standard","meta":{"_lmt_disableupdate":"","_lmt_disable":"","_jetpack_memberships_contains_paid_content":false,"footnotes":""},"categories":[109,51],"tags":[168],"class_list":["post-70792","post","type-post","status-publish","format-standard","has-post-thumbnail","hentry","category-minuto-a-minuto","category-zona-roja","tag-salina-cruz"],"jetpack_featured_media_url":"https:\/\/zonaroja.com.mx\/wp-content\/uploads\/2024\/07\/Asesinados-Salina-Cruz.jpg","jetpack_sharing_enabled":true,"_links":{"self":[{"href":"https:\/\/zonaroja.com.mx\/index.php?rest_route=\/wp\/v2\/posts\/70792","targetHints":{"allow":["GET"]}}],"collection":[{"href":"https:\/\/zonaroja.com.mx\/index.php?rest_route=\/wp\/v2\/posts"}],"about":[{"href":"https:\/\/zonaroja.com.mx\/index.php?rest_route=\/wp\/v2\/types\/post"}],"author":[{"embeddable":true,"href":"https:\/\/zonaroja.com.mx\/index.php?rest_route=\/wp\/v2\/users\/2"}],"replies":[{"embeddable":true,"href":"https:\/\/zonaroja.com.mx\/index.php?rest_route=%2Fwp%2Fv2%2Fcomments&post=70792"}],"version-history":[{"count":1,"href":"https:\/\/zonaroja.com.mx\/index.php?rest_route=\/wp\/v2\/posts\/70792\/revisions"}],"predecessor-version":[{"id":70794,"href":"https:\/\/zonaroja.com.mx\/index.php?rest_route=\/wp\/v2\/posts\/70792\/revisions\/70794"}],"wp:featuredmedia":[{"embeddable":true,"href":"https:\/\/zonaroja.com.mx\/index.php?rest_route=\/wp\/v2\/media\/70793"}],"wp:attachment":[{"href":"https:\/\/zonaroja.com.mx\/index.php?rest_route=%2Fwp%2Fv2%2Fmedia&parent=70792"}],"wp:term":[{"taxonomy":"category","embeddable":true,"href":"https:\/\/zonaroja.com.mx\/index.php?rest_route=%2Fwp%2Fv2%2Fcategories&post=70792"},{"taxonomy":"post_tag","embeddable":true,"href":"https:\/\/zonaroja.com.mx\/index.php?rest_route=%2Fwp%2Fv2%2Ftags&post=70792"}],"curies":[{"name":"wp","href":"https:\/\/api.w.org\/{rel}","templated":true}]}}