{"id":70795,"date":"2024-07-27T21:17:11","date_gmt":"2024-07-28T03:17:11","guid":{"rendered":"https:\/\/zonaroja.com.mx\/?p=70795"},"modified":"2024-07-27T21:17:13","modified_gmt":"2024-07-28T03:17:13","slug":"accidente-en-pirotecnia-durante-calenda-en-oaxaca-deja-siete-lesionados","status":"publish","type":"post","link":"https:\/\/zonaroja.com.mx\/?p=70795","title":{"rendered":"Accidente en pirotecnia durante calenda en Oaxaca deja siete lesionados"},"content":{"rendered":"\n<p>Redacci\u00f3n\/Zona Roja.&nbsp;<\/p>\n\n\n\n<p>Oaxaca de Ju\u00e1rez, Oax. 27 de julio de 2024.- El Gobierno del Estado de Oaxaca informa que con relaci\u00f3n a la explosi\u00f3n de una bolsa de pl\u00e1stico que conten\u00eda pirotecnia, las siete personas que resultaron lesionadas ya fueron atendidas en el lugar por param\u00e9dicos del Heroico Cuerpo de Bomberos, Cruz Roja Mexicana y Cuerpos de Socorro.<\/p>\n\n\n\n<p>Del total de personas lesionadas solo una requiri\u00f3 ser trasladada al Hospital de la Cruz Roja Mexicana en la ciudad de Oaxaca de Ju\u00e1rez para recibir un lavado quir\u00fargico.<\/p>\n\n\n\n<p>El coordinador Estatal de Protecci\u00f3n Civil y Gesti\u00f3n de Riesgos (CEPCyGR), Manuel Maza S\u00e1nchez, inform\u00f3 que el incidente fue provocado por una chispa que cay\u00f3 sobre una bolsa de pirotecnia que llevaba una de las delegaciones que participaron en el convite.<\/p>\n\n\n\n<p>Esto caus\u00f3 lesiones leves a seis personas que estaban sentadas sobre la banqueta y apreciaban el segundo Desfile de Delegaciones que participar\u00e1n en la Octava del Lunes del Cerro.<\/p>\n\n\n\n<p>Maza S\u00e1nchez detall\u00f3 que las siete personas heridas fueron atendidas en el lugar y una de ellas fue trasladada a la Cruz Roja donde se le practica un lavado quir\u00fargico en el pie derecho que presenta quemaduras de segundo grado.<\/p>\n\n\n\n<p>A las y los acompa\u00f1antes de las personas lesionadas que no resultaron afectadas, tambi\u00e9n se les brind\u00f3 contenci\u00f3n en el momento.<\/p>\n\n\n\n<p>El titular de la CEPCyGR aclar\u00f3 que de las siete personas afectadas, seis son adultas y una menor, todas del sexo femenino.<\/p>\n\n\n\n<p>Los nombres son:<\/p>\n\n\n\n<p>\u2022&nbsp;&nbsp;&nbsp;&nbsp;&nbsp;&nbsp;&nbsp;&nbsp;&nbsp; Anastacia Tovar, 57 a\u00f1os, del estado de Guanajuato.<\/p>\n\n\n\n<p>\u2022&nbsp;&nbsp;&nbsp;&nbsp;&nbsp;&nbsp;&nbsp;&nbsp;&nbsp; Mariana Gonz\u00e1lez, 36 a\u00f1os, del estado de Guanajuato.<\/p>\n\n\n\n<p>\u2022&nbsp;&nbsp;&nbsp;&nbsp;&nbsp;&nbsp;&nbsp;&nbsp;&nbsp; Orlanda L\u00f3pez V\u00e1squez, 29 a\u00f1os, de la ciudad de Oaxaca de Ju\u00e1rez.<\/p>\n\n\n\n<p>\u2022&nbsp;&nbsp;&nbsp;&nbsp;&nbsp;&nbsp;&nbsp;&nbsp;&nbsp; Bel\u00e9n Rivas Guti\u00e9rrez, 26 a\u00f1os, del Estado de M\u00e9xico.<\/p>\n\n\n\n<p>\u2022&nbsp;&nbsp;&nbsp;&nbsp;&nbsp;&nbsp;&nbsp;&nbsp;&nbsp; Graciela L\u00f3pez Heraldez, 61 a\u00f1os, de Culiac\u00e1n, Sinaloa.<\/p>\n\n\n\n<p>\u2022&nbsp;&nbsp;&nbsp;&nbsp;&nbsp;&nbsp;&nbsp;&nbsp;&nbsp; Mar\u00eda Guadalupe Ambrosio Alba, 44 a\u00f1os, de la Ciudad de M\u00e9xico.<\/p>\n\n\n\n<p>\u2022\u00a0\u00a0\u00a0\u00a0\u00a0\u00a0\u00a0\u00a0\u00a0 Katherine Scot, 7 a\u00f1os, de la ciudad de Los \u00c1ngeles, California, Estados Unidos<\/p>\n\n\n\n<figure class=\"wp-block-embed is-type-rich is-provider-twitter wp-block-embed-twitter\"><div class=\"wp-block-embed__wrapper\">\n<div class=\"twitter-tweet\"><blockquote class=\"twitter-tweet\" data-lang=\"es\"><p lang=\"es\" dir=\"ltr\">Este fue el momento en que explot\u00f3 de manera accidental la pirotecnia en el Centro Hist\u00f3rico de la ciudad de <a href=\"https:\/\/twitter.com\/hashtag\/Oaxaca?src=hash&amp;ref_src=twsrc%5Etfw\">#Oaxaca<\/a>, durante la calenda de las delegaciones del segundo Lunes del Cerro. <br><br>El <a href=\"https:\/\/twitter.com\/GobOax?ref_src=twsrc%5Etfw\">@goboax<\/a> confirma que son siete personas lesionadas atendidas en el lugar; solo una\u2026 <a href=\"https:\/\/t.co\/TNCWgeWjsZ\">pic.twitter.com\/TNCWgeWjsZ<\/a><\/p>&mdash; Zona Roja Oaxaca (@ZonaRoja_Oaxaca) <a href=\"https:\/\/twitter.com\/ZonaRoja_Oaxaca\/status\/1817383610971775266?ref_src=twsrc%5Etfw\">28 de julio de 2024<\/a><\/blockquote><\/div>\n<\/div><\/figure>\n","protected":false},"excerpt":{"rendered":"<p>Redacci\u00f3n\/Zona Roja.&nbsp; Oaxaca de Ju\u00e1rez, Oax. 27 de julio de 2024.- El Gobierno del Estado&hellip;<\/p>\n","protected":false},"author":2,"featured_media":70796,"comment_status":"closed","ping_status":"open","sticky":false,"template":"","format":"standard","meta":{"_lmt_disableupdate":"","_lmt_disable":"","_jetpack_memberships_contains_paid_content":false,"footnotes":""},"categories":[109,47],"tags":[3972],"class_list":["post-70795","post","type-post","status-publish","format-standard","has-post-thumbnail","hentry","category-minuto-a-minuto","category-zona-gris","tag-guelaguetza-2024"],"jetpack_featured_media_url":"https:\/\/zonaroja.com.mx\/wp-content\/uploads\/2024\/07\/Explosion-pirotecnia-calenda-Oaxaca.jpeg","jetpack_sharing_enabled":true,"_links":{"self":[{"href":"https:\/\/zonaroja.com.mx\/index.php?rest_route=\/wp\/v2\/posts\/70795","targetHints":{"allow":["GET"]}}],"collection":[{"href":"https:\/\/zonaroja.com.mx\/index.php?rest_route=\/wp\/v2\/posts"}],"about":[{"href":"https:\/\/zonaroja.com.mx\/index.php?rest_route=\/wp\/v2\/types\/post"}],"author":[{"embeddable":true,"href":"https:\/\/zonaroja.com.mx\/index.php?rest_route=\/wp\/v2\/users\/2"}],"replies":[{"embeddable":true,"href":"https:\/\/zonaroja.com.mx\/index.php?rest_route=%2Fwp%2Fv2%2Fcomments&post=70795"}],"version-history":[{"count":1,"href":"https:\/\/zonaroja.com.mx\/index.php?rest_route=\/wp\/v2\/posts\/70795\/revisions"}],"predecessor-version":[{"id":70797,"href":"https:\/\/zonaroja.com.mx\/index.php?rest_route=\/wp\/v2\/posts\/70795\/revisions\/70797"}],"wp:featuredmedia":[{"embeddable":true,"href":"https:\/\/zonaroja.com.mx\/index.php?rest_route=\/wp\/v2\/media\/70796"}],"wp:attachment":[{"href":"https:\/\/zonaroja.com.mx\/index.php?rest_route=%2Fwp%2Fv2%2Fmedia&parent=70795"}],"wp:term":[{"taxonomy":"category","embeddable":true,"href":"https:\/\/zonaroja.com.mx\/index.php?rest_route=%2Fwp%2Fv2%2Fcategories&post=70795"},{"taxonomy":"post_tag","embeddable":true,"href":"https:\/\/zonaroja.com.mx\/index.php?rest_route=%2Fwp%2Fv2%2Ftags&post=70795"}],"curies":[{"name":"wp","href":"https:\/\/api.w.org\/{rel}","templated":true}]}}