{"id":70801,"date":"2024-07-28T06:26:46","date_gmt":"2024-07-28T12:26:46","guid":{"rendered":"https:\/\/zonaroja.com.mx\/?p=70801"},"modified":"2024-07-28T06:26:49","modified_gmt":"2024-07-28T12:26:49","slug":"capturan-en-la-capital-de-oaxaca-a-presunto-generador-de-violencia-en-salina-cruz","status":"publish","type":"post","link":"https:\/\/zonaroja.com.mx\/?p=70801","title":{"rendered":"Capturan en la capital de Oaxaca a presunto generador de violencia en Salina Cruz"},"content":{"rendered":"\n<p>Redacci\u00f3n\/Zona Roja.<\/p>\n\n\n\n<p>Oaxaca de Ju\u00e1rez, Oax., a 28 de julio de 2024.- Tras m\u00faltiples hechos de violencia en Salina Cruz, la Fiscal\u00eda General del Estado de Oaxaca detuvo en la capital de la entidad a E. C. U., alias \u201cEl Chincoya\u201d, se\u00f1alado de ser el principal generador de violencia en esa ciudad y puerto.<\/p>\n\n\n\n<p>Y es que apenas ayer s\u00e1bado en dicho municipio fueron asesinadas dos personas, en distintos hechos, y una m\u00e1s result\u00f3 lesionada, mientras que el viernes anterior un ataque armado dej\u00f3 a tres heridos.<\/p>\n\n\n\n<p>En un comunicado, la Fiscal\u00eda indic\u00f3 que la captura del sujeto acusado del delito contra la salud en la modalidad de narcomenudeo fue resultado del trabajo de inteligencia para el combate a la delincuencia.<\/p>\n\n\n\n<p>\u201cAdem\u00e1s, esta persona es considerada un objetivo prioritario por su probable participaci\u00f3n en actividades delictivas en la regi\u00f3n del Istmo de Tehuantepec\u201d.<\/p>\n\n\n\n<p>Fue la tarde de este 26 de julio de 2024 en que elementos de la Agencia Estatal de Investigaciones (AEI) dieron seguimiento al veh\u00edculo en el que viajaba el detenido, al que dieron alcance cuando se detuvo en un hotel ubicado en el bulevar Eduardo Vasconcelos.<\/p>\n\n\n\n<p>Al momento de su detenci\u00f3n y, tras realizar una inspecci\u00f3n al veh\u00edculo y a las personas que viajaban en \u00e9l, se logr\u00f3 el aseguramiento de dinero en efectivo as\u00ed como diferentes dosis y cantidades de diversas drogas.<\/p>\n\n\n\n<p>Tras estas acciones, E. C. U., alias \u201cEl Chincoya\u201d fue puesto a disposici\u00f3n de la autoridad ministerial correspondiente para realizar los trabajos previos antes de su presentaci\u00f3n ante el juzgado competente.<\/p>\n\n\n\n<p>VERSI\u00d3N DE GOBIERNO<\/p>\n\n\n\n<p>Por su parte el Gobierno del Estado de Oaxaca inform\u00f3 que este s\u00e1bado fue capturado el jefe de la plaza del puerto de Salina Cruz, El\u00edas Chincoya Urbano, alias \u00abEl Chincoya\u00bb.&nbsp;<\/p>\n\n\n\n<p>\u201cLa detenci\u00f3n se efectu\u00f3 por elementos de la Agencia Estatal de Investigaciones (AEI) en una casa de seguridad ubicada en la ciudad de Oaxaca de Ju\u00e1rez.&nbsp;<\/p>\n\n\n\n<p>\u201cCabe destacar que esta acci\u00f3n es un duro golpe al crimen organizado, pues Chincoya Urbano es considerado uno de los generadores de violencia en el puerto de Salina Cruz, y era uno de los objetivos del gobierno federal al dedicarse al huachicol y otras actividades il\u00edcitas.<\/p>\n\n\n\n<p>\u201cLa actual administraci\u00f3n reconoce el trabajo de la Fiscal\u00eda General del Estado de Oaxaca (FGEO) y reafirma su compromiso de trabajar por una entidad m\u00e1s segura para todas y todos\u201d, expuso en un comunicado.<\/p>\n","protected":false},"excerpt":{"rendered":"<p>Redacci\u00f3n\/Zona Roja. Oaxaca de Ju\u00e1rez, Oax., a 28 de julio de 2024.- Tras m\u00faltiples hechos&hellip;<\/p>\n","protected":false},"author":2,"featured_media":70802,"comment_status":"closed","ping_status":"open","sticky":false,"template":"","format":"standard","meta":{"_lmt_disableupdate":"","_lmt_disable":"","_jetpack_memberships_contains_paid_content":false,"footnotes":""},"categories":[109,46],"tags":[4009],"class_list":["post-70801","post","type-post","status-publish","format-standard","has-post-thumbnail","hentry","category-minuto-a-minuto","category-zona-blanca","tag-elias-chincoya-urbano"],"jetpack_featured_media_url":"https:\/\/zonaroja.com.mx\/wp-content\/uploads\/2024\/07\/Elias-Chincoya-Urbano.jpg","jetpack_sharing_enabled":true,"_links":{"self":[{"href":"https:\/\/zonaroja.com.mx\/index.php?rest_route=\/wp\/v2\/posts\/70801","targetHints":{"allow":["GET"]}}],"collection":[{"href":"https:\/\/zonaroja.com.mx\/index.php?rest_route=\/wp\/v2\/posts"}],"about":[{"href":"https:\/\/zonaroja.com.mx\/index.php?rest_route=\/wp\/v2\/types\/post"}],"author":[{"embeddable":true,"href":"https:\/\/zonaroja.com.mx\/index.php?rest_route=\/wp\/v2\/users\/2"}],"replies":[{"embeddable":true,"href":"https:\/\/zonaroja.com.mx\/index.php?rest_route=%2Fwp%2Fv2%2Fcomments&post=70801"}],"version-history":[{"count":1,"href":"https:\/\/zonaroja.com.mx\/index.php?rest_route=\/wp\/v2\/posts\/70801\/revisions"}],"predecessor-version":[{"id":70803,"href":"https:\/\/zonaroja.com.mx\/index.php?rest_route=\/wp\/v2\/posts\/70801\/revisions\/70803"}],"wp:featuredmedia":[{"embeddable":true,"href":"https:\/\/zonaroja.com.mx\/index.php?rest_route=\/wp\/v2\/media\/70802"}],"wp:attachment":[{"href":"https:\/\/zonaroja.com.mx\/index.php?rest_route=%2Fwp%2Fv2%2Fmedia&parent=70801"}],"wp:term":[{"taxonomy":"category","embeddable":true,"href":"https:\/\/zonaroja.com.mx\/index.php?rest_route=%2Fwp%2Fv2%2Fcategories&post=70801"},{"taxonomy":"post_tag","embeddable":true,"href":"https:\/\/zonaroja.com.mx\/index.php?rest_route=%2Fwp%2Fv2%2Ftags&post=70801"}],"curies":[{"name":"wp","href":"https:\/\/api.w.org\/{rel}","templated":true}]}}