{"id":70812,"date":"2024-07-28T07:08:34","date_gmt":"2024-07-28T13:08:34","guid":{"rendered":"https:\/\/zonaroja.com.mx\/?p=70812"},"modified":"2024-07-28T07:08:36","modified_gmt":"2024-07-28T13:08:36","slug":"mintio-la-secretaria-de-seguridad-piloto-desmiente-traslado-de-el-mayo","status":"publish","type":"post","link":"https:\/\/zonaroja.com.mx\/?p=70812","title":{"rendered":"\u00bfMinti\u00f3 la secretaria de Seguridad? Piloto desmiente traslado de \u201cEl Mayo\u201d"},"content":{"rendered":"\n<p>Redacci\u00f3n\/Zona Roja Cdmx.<\/p>\n\n\n\n<p>Ciudad de M\u00e9xico, a 28 de julio de 2024.- De acuerdo con la periodista Peniley Ram\u00edrez, el piloto Curtis Parker le revel\u00f3 que \u00e9l no tuvo nada que ver en el acontecimiento de seguridad m\u00e1s relevante en lo que va del a\u00f1o en M\u00e9xico.<\/p>\n\n\n\n<p>Seg\u00fan la comunicadora, el estadounidense es un hombre de negocios que posee una compa\u00f1\u00eda de asfalto. Vive en Nuevo M\u00e9xico, pero constantemente cruza la frontera en su aeronave a Hermosillo, Sonora, para cazar y pescar en territorio mexicano.<\/p>\n\n\n\n<p>\u201cUno de esos viajes ocurri\u00f3 este jueves, el mismo d\u00eda cuando, en otro avi\u00f3n, Joaqu\u00edn Guzm\u00e1n L\u00f3pez e Ismael \u2018El Mayo\u2019 Zambada abordaban un vuelo hacia El Paso, donde el FBI los arrest\u00f3\u201d, indic\u00f3 Peniley.<\/p>\n\n\n\n<p>El hombre tambi\u00e9n coment\u00f3 que, aquel d\u00eda, estaba en Sonora para realizar unos tr\u00e1mites y sostener unas reuniones. Su d\u00eda transcurri\u00f3 con normalidad hasta que, en la noche, se percat\u00f3 que medios de comunicaci\u00f3n incluyeron su matr\u00edcula en los datos sobre la captura de \u2018El Mayo\u2019. Su situaci\u00f3n empeor\u00f3 tras el reporte de la SSPC.<\/p>\n\n\n\n<p>\u201cSoy un ciudadano estadounidense que disfruta cazar y pescar en M\u00e9xico y no tengo nada que ver con esta historia. (&#8230;) Voy much\u00edsimo a M\u00e9xico, me encanta cazar all\u00ed y mis viajes son de placer. Soy solo un empresario que ama M\u00e9xico\u201d, afirm\u00f3 a Peniley.<\/p>\n\n\n\n<p>\u2018El Mayo\u2019 y \u2018El G\u00fcero Moreno\u2019 habr\u00edan llegado en un Beechcraft King Air<\/p>\n\n\n\n<p>Otra inconsistencia entre los datos presentados en medios de comunicaci\u00f3n y por el propio gobierno de Andr\u00e9s Manuel L\u00f3pez Obrador es la diferencia entre las aeronaves citada y asegurada.<\/p>\n\n\n\n<p>De acuerdo con la SSPC, \u2018El Mayo\u2019 y\u2019 \u2018El G\u00fcero Moreno\u2019 llegaron a EEUU en una avioneta Cessna 205, mientras que la aeronave asegurada por autoridades estadounidenses es una Beechcraft King Air bimotor.<\/p>\n\n\n\n<p>Se trata de un avi\u00f3n mucho m\u00e1s c\u00f3modo que el primero, con m\u00e1s espacio y m\u00e1s seguro.<\/p>\n\n\n\n<p>\u201cEncontr\u00e9 dos aviones que encajan con la descripci\u00f3n, pero sus rutas no son p\u00fablicas. No sabemos a qu\u00e9 hora despeg\u00f3 ese otro avi\u00f3n, qui\u00e9n era el piloto, cu\u00e1l es la matr\u00edcula, ni a quien pertenece\u201d, agreg\u00f3 Peniley.<\/p>\n\n\n\n<p>Cabe destacar que, durante \u2018La Ma\u00f1anera\u2019, L\u00f3pez Obrador fue cuestionado sobre este hecho. Sin embargo, \u00fanicamente pidi\u00f3 esperar al avance de la investigaci\u00f3n.<\/p>\n\n\n\n<p>\u201cYo tambi\u00e9n pregunt\u00e9 lo mismo, porque aparece otro avi\u00f3n, s\u00ed, y esta es una avioneta como de cinco plazas, muy peque\u00f1a (&#8230;). Pudieron haber cambiado, \u00bfno?, en el trayecto, pero todo eso lo vamos a saber. Todo eso se est\u00e1 investigando para ver en c\u00e1maras qu\u00e9 se tiene\u201d, declar\u00f3.<\/p>\n\n\n\n<p>UN MISTERIO<\/p>\n\n\n\n<p>La llegada de Ismael \u2018El Mayo\u2019 Zambada y Joaqu\u00edn Guzm\u00e1n L\u00f3pez a territorio estadounidense contin\u00faa siendo un misterio. Hay qui\u00e9nes dicen que el cofundador del C\u00e1rtel de Sinaloa fue enga\u00f1ado por el segundo para abordar la aeronave que los traslad\u00f3 de M\u00e9xico a Texas, mientras que otros sostiene que ambos llegaron a un acuerdo con el pa\u00eds de las barras y estrellas y se entregaron voluntariamente.&nbsp;<\/p>\n\n\n\n<p>En un caso lleno de un sinf\u00edn de inc\u00f3gnitas, una pregunta ha destacado: \u00bfqui\u00e9n fue el responsable de trasladar a los narcotraficantes?<\/p>\n\n\n\n<p>De acuerdo con el reporte ofrecido por la titular de la Secretar\u00eda de Seguridad y Protecci\u00f3n Ciudadana (SSPC), Rosa Icela Rodr\u00edguez, durante la conferencia de prensa matutina del 26 de julio, el Instituto Nacional de Migraci\u00f3n (INM) identific\u00f3 a Larry Curtis Parker como el hombre que pilot\u00f3 la avioneta en la que viajaron los notorios narcotraficantes.<\/p>\n\n\n\n<p>Seg\u00fan el informe, entre las 07:10 y las 07:31 horas del jueves, dos hombres se presentaron ante el Aeropuerto Internacional de Hermosillo para gestionar la salida de una avioneta tipo Cessna 205 con matr\u00edcula N8454Z; es decir, la nave perteneciente a Curtis Parker.<\/p>\n\n\n\n<p>El plan de vuelo, difundido p\u00fablicamente durante \u2018La Ma\u00f1anera\u2019, indica que solo viaj\u00f3 el hombre ya citado, de nacionalidad estadounidense, con direcci\u00f3n al Aeropuerto de Santa Teresa, ubicado en El Paso, Texas \u2015mismo lugar en el que fueron detenidos\u2015.<\/p>\n\n\n\n<p>Aunque Rosa Icela refiri\u00f3 en un inicio que la aeronave estaba programada a salir a las 15:00 horas, posteriormente coment\u00f3 que despeg\u00f3 a las 08:05 horas, Tiempo del Pac\u00edfico. Minutos m\u00e1s tarde, comparti\u00f3 un reporte en el que en realidad se indica que despeg\u00f3 a las 07:57 horas, llegando a Texas a las 10:19 horas.<\/p>\n\n\n\n<p>\u201cDecir que se tiene todo el seguimiento del piloto, las entradas y salidas a M\u00e9xico, que est\u00e1 registrado como visitante\u201d, asegur\u00f3. Sin embargo, las horas no coinciden con la llegada de \u2018El Mayo\u2019 y Joaqu\u00edn Guzm\u00e1n L\u00f3pez, registrada poco despu\u00e9s de las 15:00 horas.<\/p>\n\n\n\n<p>(Con informaci\u00f3n de Infobae M\u00e9xico)<\/p>\n","protected":false},"excerpt":{"rendered":"<p>Redacci\u00f3n\/Zona Roja Cdmx. Ciudad de M\u00e9xico, a 28 de julio de 2024.- De acuerdo con&hellip;<\/p>\n","protected":false},"author":2,"featured_media":70813,"comment_status":"closed","ping_status":"open","sticky":false,"template":"","format":"standard","meta":{"_lmt_disableupdate":"","_lmt_disable":"","_jetpack_memberships_contains_paid_content":false,"footnotes":""},"categories":[109,47],"tags":[3847],"class_list":["post-70812","post","type-post","status-publish","format-standard","has-post-thumbnail","hentry","category-minuto-a-minuto","category-zona-gris","tag-ismael-el-mayo-zambada"],"jetpack_featured_media_url":"https:\/\/zonaroja.com.mx\/wp-content\/uploads\/2024\/07\/Secrearia-de-seguridad-Rosa-Isela-Mayo-Zambada.jpg","jetpack_sharing_enabled":true,"_links":{"self":[{"href":"https:\/\/zonaroja.com.mx\/index.php?rest_route=\/wp\/v2\/posts\/70812","targetHints":{"allow":["GET"]}}],"collection":[{"href":"https:\/\/zonaroja.com.mx\/index.php?rest_route=\/wp\/v2\/posts"}],"about":[{"href":"https:\/\/zonaroja.com.mx\/index.php?rest_route=\/wp\/v2\/types\/post"}],"author":[{"embeddable":true,"href":"https:\/\/zonaroja.com.mx\/index.php?rest_route=\/wp\/v2\/users\/2"}],"replies":[{"embeddable":true,"href":"https:\/\/zonaroja.com.mx\/index.php?rest_route=%2Fwp%2Fv2%2Fcomments&post=70812"}],"version-history":[{"count":1,"href":"https:\/\/zonaroja.com.mx\/index.php?rest_route=\/wp\/v2\/posts\/70812\/revisions"}],"predecessor-version":[{"id":70814,"href":"https:\/\/zonaroja.com.mx\/index.php?rest_route=\/wp\/v2\/posts\/70812\/revisions\/70814"}],"wp:featuredmedia":[{"embeddable":true,"href":"https:\/\/zonaroja.com.mx\/index.php?rest_route=\/wp\/v2\/media\/70813"}],"wp:attachment":[{"href":"https:\/\/zonaroja.com.mx\/index.php?rest_route=%2Fwp%2Fv2%2Fmedia&parent=70812"}],"wp:term":[{"taxonomy":"category","embeddable":true,"href":"https:\/\/zonaroja.com.mx\/index.php?rest_route=%2Fwp%2Fv2%2Fcategories&post=70812"},{"taxonomy":"post_tag","embeddable":true,"href":"https:\/\/zonaroja.com.mx\/index.php?rest_route=%2Fwp%2Fv2%2Ftags&post=70812"}],"curies":[{"name":"wp","href":"https:\/\/api.w.org\/{rel}","templated":true}]}}