{"id":70815,"date":"2024-07-28T12:18:00","date_gmt":"2024-07-28T18:18:00","guid":{"rendered":"https:\/\/zonaroja.com.mx\/?p=70815"},"modified":"2024-07-28T07:20:59","modified_gmt":"2024-07-28T13:20:59","slug":"amlo-reconoce-otra-falla-se-quedo-corto-en-educacion","status":"publish","type":"post","link":"https:\/\/zonaroja.com.mx\/?p=70815","title":{"rendered":"AMLO reconoce otra falla: se qued\u00f3 \u201ccorto\u201d en educaci\u00f3n"},"content":{"rendered":"\n<p>Redacci\u00f3n\/Zona Roja Cdmx.<\/p>\n\n\n\n<p>Ciudad de M\u00e9xico, a 28 de julio de 2024.- El presidente de M\u00e9xico, Andr\u00e9s Manuel L\u00f3pez Obrador, reconoci\u00f3 que su Gobierno se qued\u00f3 \u201ccorto\u201d en los apoyos econ\u00f3micos para la educaci\u00f3n b\u00e1sica y asegur\u00f3 que su sucesora, Claudia Sheinbaum, solucionar\u00e1 el rezago.<\/p>\n\n\n\n<p>\u201cNos quedamos cortos en (becas para) educaci\u00f3n b\u00e1sica, preescolar, primaria y secundaria porque el nivel preparatoria es universal, son 5 millones que estudian en nivel superior\u201d, afirm\u00f3 el mandatario durante la supervisi\u00f3n de las Universidades para el Bienestar \u2018Benito Ju\u00e1rez\u2019, en el municipio de Tlaltizap\u00e1n de Zapata, en el central estado de Morelos.<\/p>\n\n\n\n<p>El gobernante mexicano presumi\u00f3 que durante su gobierno destin\u00f3 unos 120 mil millones de pesos para apoyar con recursos econ\u00f3micos a los j\u00f3venes, a quienes antes, dijo, se les trataba de manera \u201cdespectiva\u201d llam\u00e1ndoles \u2018ninis\u2019 ya que ni estudiaban ni trabajaban.<\/p>\n\n\n\n<p>\u201cTodo el programa de becas que es el m\u00e1s amplio, el m\u00e1s extenso que se ha aplicado, ya que son tambi\u00e9n como 13 millones de estudiantes en M\u00e9xico que reciben becas, eso nunca se hab\u00eda visto en un pa\u00eds\u201d, se\u00f1al\u00f3.<\/p>\n\n\n\n<p>A\u00fan as\u00ed, reconoci\u00f3 que se quedaron \u201ccortos\u201d, pero se\u00f1al\u00f3 que ese rezago lo atender\u00e1 Sheinbaum, quien se ha comprometido a otorgar becas a todos los estudiantes de educaci\u00f3n b\u00e1sica en su Gobierno.<\/p>\n\n\n\n<p>\u201cElla va convertir este nivel educativo en una realidad, va a entregar las becas a todos los estudiantes de educaci\u00f3n p\u00fablica, por lo que estoy hablando, de que es continuar con la transformaci\u00f3n y mejorar\u201d, expuso.<\/p>\n\n\n\n<p>El mandatario federal record\u00f3 que se crear\u00e1n en todo el pa\u00eds las Universidades del Bienestar, en espec\u00edfico ser\u00e1n 200 centros de los cuales 80 planteles ser\u00e1n para estudiar medicina, ya que reafirm\u00f3 que esta es una de las carencias que tiene M\u00e9xico para atender la salud de la poblaci\u00f3n.<\/p>\n\n\n\n<p>Adem\u00e1s, dijo que programas sociales como J\u00f3venes Construyendo el Futuro, en el que se les apoya con un salario para que si no est\u00e1n estudiando se ocupen como aprendices en alg\u00fan \u00e1mbito laboral, han funcionado para \u201cque no est\u00e9n sin hacer nada para que no los enganchen las bandas de la delincuencia\u201d, enfatiz\u00f3.<\/p>\n\n\n\n<p>El pasado 17 de julio, la presidenta electa adelant\u00f3 que iniciar\u00e1 un programa escalonado de becas, el cual ser\u00e1 universal, es decir, para todos los niveles de educaci\u00f3n b\u00e1sica e iniciar\u00e1 a partir del 2025 con estudiantes de secundaria y, poco a poco, se ir\u00e1n sumando primaria y preescolar para que en 2027 este apoyo cope toda la educaci\u00f3n b\u00e1sica.<\/p>\n\n\n\n<p>(Con informaci\u00f3n de EFE, en L\u00f3pez-D\u00f3riga Digital)<\/p>\n","protected":false},"excerpt":{"rendered":"<p>Redacci\u00f3n\/Zona Roja Cdmx. Ciudad de M\u00e9xico, a 28 de julio de 2024.- El presidente de&hellip;<\/p>\n","protected":false},"author":2,"featured_media":70816,"comment_status":"closed","ping_status":"open","sticky":false,"template":"","format":"standard","meta":{"_lmt_disableupdate":"","_lmt_disable":"","_jetpack_memberships_contains_paid_content":false,"footnotes":""},"categories":[109,47],"tags":[143],"class_list":["post-70815","post","type-post","status-publish","format-standard","has-post-thumbnail","hentry","category-minuto-a-minuto","category-zona-gris","tag-andres-manuel-lopez-obrador"],"jetpack_featured_media_url":"https:\/\/zonaroja.com.mx\/wp-content\/uploads\/2024\/07\/Lopez-Obrador-corto-en-educacion.jpg","jetpack_sharing_enabled":true,"_links":{"self":[{"href":"https:\/\/zonaroja.com.mx\/index.php?rest_route=\/wp\/v2\/posts\/70815","targetHints":{"allow":["GET"]}}],"collection":[{"href":"https:\/\/zonaroja.com.mx\/index.php?rest_route=\/wp\/v2\/posts"}],"about":[{"href":"https:\/\/zonaroja.com.mx\/index.php?rest_route=\/wp\/v2\/types\/post"}],"author":[{"embeddable":true,"href":"https:\/\/zonaroja.com.mx\/index.php?rest_route=\/wp\/v2\/users\/2"}],"replies":[{"embeddable":true,"href":"https:\/\/zonaroja.com.mx\/index.php?rest_route=%2Fwp%2Fv2%2Fcomments&post=70815"}],"version-history":[{"count":1,"href":"https:\/\/zonaroja.com.mx\/index.php?rest_route=\/wp\/v2\/posts\/70815\/revisions"}],"predecessor-version":[{"id":70817,"href":"https:\/\/zonaroja.com.mx\/index.php?rest_route=\/wp\/v2\/posts\/70815\/revisions\/70817"}],"wp:featuredmedia":[{"embeddable":true,"href":"https:\/\/zonaroja.com.mx\/index.php?rest_route=\/wp\/v2\/media\/70816"}],"wp:attachment":[{"href":"https:\/\/zonaroja.com.mx\/index.php?rest_route=%2Fwp%2Fv2%2Fmedia&parent=70815"}],"wp:term":[{"taxonomy":"category","embeddable":true,"href":"https:\/\/zonaroja.com.mx\/index.php?rest_route=%2Fwp%2Fv2%2Fcategories&post=70815"},{"taxonomy":"post_tag","embeddable":true,"href":"https:\/\/zonaroja.com.mx\/index.php?rest_route=%2Fwp%2Fv2%2Ftags&post=70815"}],"curies":[{"name":"wp","href":"https:\/\/api.w.org\/{rel}","templated":true}]}}