{"id":70818,"date":"2024-07-28T13:00:00","date_gmt":"2024-07-28T19:00:00","guid":{"rendered":"https:\/\/zonaroja.com.mx\/?p=70818"},"modified":"2024-07-28T07:25:57","modified_gmt":"2024-07-28T13:25:57","slug":"en-el-sexenio-de-lopez-obrador-suman-42-defensores-asesinados-en-oaxaca","status":"publish","type":"post","link":"https:\/\/zonaroja.com.mx\/?p=70818","title":{"rendered":"En el sexenio de L\u00f3pez Obrador suman 42 defensores asesinados en Oaxaca"},"content":{"rendered":"\n<p>Redacci\u00f3n\/Zona Roja.<\/p>\n\n\n\n<p>Oaxaca de Ju\u00e1rez, Oax., a 28 de julio de 2024.- Con el crimen del defensor de derechos humanos comunitario, Lorenzo Santos Torres, perpetrado la madrugada del 18 de julio, suman 42 las personas defensoras asesinadas en Oaxaca durante el sexenio del presidente Andr\u00e9s Manuel L\u00f3pez Obrador.<\/p>\n\n\n\n<p>De esa cifra, cuatro se cometieron en lo que va del gobierno de Salom\u00f3n Jara Cruz, seg\u00fan el monitoreo de agresiones contra personas defensoras \u201cTodos su Nombres, Todas sus Luchas\u201d que realiza Servicios para una Educaci\u00f3n Alternativa (Educa).<\/p>\n\n\n\n<p>Cabe resaltar que alrededor de las 02:00 de la ma\u00f1ana de este jueves 18 de julio fue asesinado el defensor comunitario Lorenzo Santos Torres, de 53 a\u00f1os de edad, junto a su esposa Marcela Gir\u00f3n Castro, de 48 a\u00f1os, y su hija Mar\u00eda Guadalupe Santos Gir\u00f3n, de 26 a\u00f1os.<\/p>\n\n\n\n<p>Las tres personas fueron ejecutadas con armas de fuego y posteriormente les prendieron fuego en el interior de su veh\u00edculo Toyota Pickup con placas RT1047A Modelo 2016.<\/p>\n\n\n\n<p>El defensor comunitario de Santiago Amoltepec, Lorenzo Santos Torres, su esposa e hija fueron emboscados, ejecutados y calcinados.<\/p>\n\n\n\n<p>Se dio en un camino que comunica a las comunidades de San Mart\u00edn Lachila y San Andr\u00e9s Zabache, pertenecientes a Ejutla de Crespo, confirm\u00f3 el presidente del Centro de Derechos Humanos y Asesor\u00eda a Pueblos Ind\u00edgenas, Maurilio Santiago Reyes.<\/p>\n\n\n\n<p>(Informaci\u00f3n de Educa y portal P\u00e1gina 3)<\/p>\n","protected":false},"excerpt":{"rendered":"<p>Redacci\u00f3n\/Zona Roja. Oaxaca de Ju\u00e1rez, Oax., a 28 de julio de 2024.- Con el crimen&hellip;<\/p>\n","protected":false},"author":2,"featured_media":70513,"comment_status":"closed","ping_status":"open","sticky":false,"template":"","format":"standard","meta":{"_lmt_disableupdate":"","_lmt_disable":"","_jetpack_memberships_contains_paid_content":false,"footnotes":""},"categories":[109,47],"tags":[],"class_list":["post-70818","post","type-post","status-publish","format-standard","has-post-thumbnail","hentry","category-minuto-a-minuto","category-zona-gris"],"jetpack_featured_media_url":"https:\/\/zonaroja.com.mx\/wp-content\/uploads\/2024\/07\/Lorenzo-Santos-Torres-Marcela-Giron-Castro-y-Ma.-Guadalupe-Santos-Giron-calcinados-Amoltepe.jpeg","jetpack_sharing_enabled":true,"_links":{"self":[{"href":"https:\/\/zonaroja.com.mx\/index.php?rest_route=\/wp\/v2\/posts\/70818","targetHints":{"allow":["GET"]}}],"collection":[{"href":"https:\/\/zonaroja.com.mx\/index.php?rest_route=\/wp\/v2\/posts"}],"about":[{"href":"https:\/\/zonaroja.com.mx\/index.php?rest_route=\/wp\/v2\/types\/post"}],"author":[{"embeddable":true,"href":"https:\/\/zonaroja.com.mx\/index.php?rest_route=\/wp\/v2\/users\/2"}],"replies":[{"embeddable":true,"href":"https:\/\/zonaroja.com.mx\/index.php?rest_route=%2Fwp%2Fv2%2Fcomments&post=70818"}],"version-history":[{"count":1,"href":"https:\/\/zonaroja.com.mx\/index.php?rest_route=\/wp\/v2\/posts\/70818\/revisions"}],"predecessor-version":[{"id":70819,"href":"https:\/\/zonaroja.com.mx\/index.php?rest_route=\/wp\/v2\/posts\/70818\/revisions\/70819"}],"wp:featuredmedia":[{"embeddable":true,"href":"https:\/\/zonaroja.com.mx\/index.php?rest_route=\/wp\/v2\/media\/70513"}],"wp:attachment":[{"href":"https:\/\/zonaroja.com.mx\/index.php?rest_route=%2Fwp%2Fv2%2Fmedia&parent=70818"}],"wp:term":[{"taxonomy":"category","embeddable":true,"href":"https:\/\/zonaroja.com.mx\/index.php?rest_route=%2Fwp%2Fv2%2Fcategories&post=70818"},{"taxonomy":"post_tag","embeddable":true,"href":"https:\/\/zonaroja.com.mx\/index.php?rest_route=%2Fwp%2Fv2%2Ftags&post=70818"}],"curies":[{"name":"wp","href":"https:\/\/api.w.org\/{rel}","templated":true}]}}