{"id":70829,"date":"2024-07-29T07:54:00","date_gmt":"2024-07-29T13:54:00","guid":{"rendered":"https:\/\/zonaroja.com.mx\/?p=70829"},"modified":"2024-07-29T07:54:02","modified_gmt":"2024-07-29T13:54:02","slug":"un-asesinado-en-pinotepa-y-dos-heridos-en-salina-cruz","status":"publish","type":"post","link":"https:\/\/zonaroja.com.mx\/?p=70829","title":{"rendered":"Un asesinado en Pinotepa y dos heridos en Salina Cruz"},"content":{"rendered":"\n<p>Raymundo Morales\/Zona Roja.<\/p>\n\n\n\n<p>Oaxaca de Ju\u00e1rez, Oax., a 29 de julio de 2024.- Ni el fin de semana ces\u00f3 la violencia en algunas regiones de Oaxaca.<\/p>\n\n\n\n<p>Es el caso de Santiago Pinotepa Nacional, municipio de la Costa, donde ayer asesinaron a una persona del sexo masculino.<\/p>\n\n\n\n<p>El crimen ocurri\u00f3 afuera de una miscel\u00e1nea en la calle 16 Sur de la colonia El Zapote, donde fue acribillado un sujeto a\u00fan no identificado; pese a las horas de la tarde, no hubo detenci\u00f3n alguna.<\/p>\n\n\n\n<p>En el municipio de Salina Cruz, regi\u00f3n del Istmo, ocurrieron dos hechos violentos, uno de ellos anoche en un domicilio de la colonia Santa Rosa.<\/p>\n\n\n\n<p>Una persona del sexo masculino fue agredida con un arma corto-contundente (machete) por un individuo que de inmediato se dio a la fuga; el lesionado fue llevado de emergencia a un hospital.<\/p>\n\n\n\n<p>En tanto que por la ma\u00f1ana, en la colonia Guadalupe de esa ciudad y puerto, una mujer presuntamente agredi\u00f3 con un arma blanca con su pareja, tras lo cual huy\u00f3.<\/p>\n\n\n\n<p>Fueron los propios familiares de la v\u00edctima quienes la trasladaron a un hospital, donde a\u00fan convalece por varias heridas infligidas.<\/p>\n\n\n\n<p>Mientras que anoche, un autob\u00fas de la l\u00ednea \u201cTierra del Sol\u201d con migrantes mixtecos fue baleado en la carretera Huajuapan de Le\u00f3n-Acatl\u00e1n de Osorio, en la regi\u00f3n Mixteca.<\/p>\n\n\n\n<p>No hubo personas lesionadas y los ocupantes presuntamente son militantes del Movimiento de Unificaci\u00f3n y Lucha Triqui, que acud\u00edan a labores del campo al norte del pa\u00eds.<\/p>\n","protected":false},"excerpt":{"rendered":"<p>Raymundo Morales\/Zona Roja. Oaxaca de Ju\u00e1rez, Oax., a 29 de julio de 2024.- Ni el&hellip;<\/p>\n","protected":false},"author":2,"featured_media":65347,"comment_status":"closed","ping_status":"open","sticky":false,"template":"","format":"standard","meta":{"_lmt_disableupdate":"","_lmt_disable":"","_jetpack_memberships_contains_paid_content":false,"footnotes":""},"categories":[109,51],"tags":[916],"class_list":["post-70829","post","type-post","status-publish","format-standard","has-post-thumbnail","hentry","category-minuto-a-minuto","category-zona-roja","tag-pinotepa-nacional"],"jetpack_featured_media_url":"https:\/\/zonaroja.com.mx\/wp-content\/uploads\/2024\/02\/Escena-asesinato-homicidio-crimen.jpeg.webp","jetpack_sharing_enabled":true,"_links":{"self":[{"href":"https:\/\/zonaroja.com.mx\/index.php?rest_route=\/wp\/v2\/posts\/70829","targetHints":{"allow":["GET"]}}],"collection":[{"href":"https:\/\/zonaroja.com.mx\/index.php?rest_route=\/wp\/v2\/posts"}],"about":[{"href":"https:\/\/zonaroja.com.mx\/index.php?rest_route=\/wp\/v2\/types\/post"}],"author":[{"embeddable":true,"href":"https:\/\/zonaroja.com.mx\/index.php?rest_route=\/wp\/v2\/users\/2"}],"replies":[{"embeddable":true,"href":"https:\/\/zonaroja.com.mx\/index.php?rest_route=%2Fwp%2Fv2%2Fcomments&post=70829"}],"version-history":[{"count":1,"href":"https:\/\/zonaroja.com.mx\/index.php?rest_route=\/wp\/v2\/posts\/70829\/revisions"}],"predecessor-version":[{"id":70830,"href":"https:\/\/zonaroja.com.mx\/index.php?rest_route=\/wp\/v2\/posts\/70829\/revisions\/70830"}],"wp:featuredmedia":[{"embeddable":true,"href":"https:\/\/zonaroja.com.mx\/index.php?rest_route=\/wp\/v2\/media\/65347"}],"wp:attachment":[{"href":"https:\/\/zonaroja.com.mx\/index.php?rest_route=%2Fwp%2Fv2%2Fmedia&parent=70829"}],"wp:term":[{"taxonomy":"category","embeddable":true,"href":"https:\/\/zonaroja.com.mx\/index.php?rest_route=%2Fwp%2Fv2%2Fcategories&post=70829"},{"taxonomy":"post_tag","embeddable":true,"href":"https:\/\/zonaroja.com.mx\/index.php?rest_route=%2Fwp%2Fv2%2Ftags&post=70829"}],"curies":[{"name":"wp","href":"https:\/\/api.w.org\/{rel}","templated":true}]}}