{"id":70831,"date":"2024-07-29T09:30:00","date_gmt":"2024-07-29T15:30:00","guid":{"rendered":"https:\/\/zonaroja.com.mx\/?p=70831"},"modified":"2024-07-29T08:26:32","modified_gmt":"2024-07-29T14:26:32","slug":"opinion-la-inevitable-marca-obrador-en-claudia-sheinbaum","status":"publish","type":"post","link":"https:\/\/zonaroja.com.mx\/?p=70831","title":{"rendered":"Opini\u00f3n. La inevitable marca Obrador en Claudia Sheinbaum"},"content":{"rendered":"\n<p>Ismael Garc\u00eda M.\/Zona Roja.<\/p>\n\n\n\n<p>Oaxaca de Ju\u00e1rez, Oax., a 29 de julio de 2024.- \u201cSiempre tomo en cuenta recomendaciones\u201d. Las palabras de Claudia Sheinbaum declaradas en un acto p\u00fablico no hicieron m\u00e1s que reforzar la irremediable marca obradorista que llevar\u00e1 su gobierno.<\/p>\n\n\n\n<p>Marca impuesta desde el principio de su carrera por la presidencia: el sello y el yugo de Andr\u00e9s Manuel L\u00f3pez Obrador la seguir\u00e1n a cada paso para impedir que se desv\u00ede del proyecto del tabasque\u00f1o.<\/p>\n\n\n\n<p>No importa ahora tanto el sello de Morena, sino que el proyecto personal del a\u00fan Presidente contin\u00fae; que el sue\u00f1o de convertirse en un dictador jam\u00e1s se trunque; que el sue\u00f1o de perpetuarse como un salvador de M\u00e9xico jam\u00e1s se rompa.<\/p>\n\n\n\n<p>\u00bfIrse a vivir en solitario en su rancho \u201cLa Chingada\u201d? \u00bfDedicarse a escribir libros, a leer y a cuidar de su hacienda? En absoluto. El poder es el poder y L\u00f3pez Obrador ya no quiere deshacerse de \u00e9l.<\/p>\n\n\n\n<p>Esa es la realidad que enfrenta y enfrentar\u00e1 Claudia Sheinbaum Pardo en su pr\u00f3ximo sexenio; de hecho es la realidad que enfrenta desde que fue ungida como candidata presidencial y ahora mandataria electa.<\/p>\n\n\n\n<p>En realidad, carga con el yugo desde que fue impuesta como la \u201ccorcholata\u201d favorita. Y cargar\u00e1 no solamente con las directrices obradoristas, sino tambi\u00e9n el libertinaje de los hijos para hacer negocios multimillonarios por doquier.<\/p>\n\n\n\n<p>LA SOMBRA<\/p>\n\n\n\n<p>Desde que gan\u00f3 las elecciones del 2 de junio pasado, y a\u00fan cuando no ha sido declarada formalmente como presidenta electa de M\u00e9xico, Claudia Sheinbaum no ha podido sacudirse en absoluto la sombra de L\u00f3pez Obrador.<\/p>\n\n\n\n<p>De hecho, apenas pasaron los comicios, la ha llevado a gira tras gira, fin de semana tras fin de semana, a recorrer el pa\u00eds.<\/p>\n\n\n\n<p>No tanto para promocionar su figura, sino para remarcar, p\u00fablicamente, vez tras vez, que ella lleva y llevar\u00e1 siempre el sello obradorista.<\/p>\n\n\n\n<p>Y para recordarle que las obras fara\u00f3nicas, que hasta ahora en su mayor\u00eda no han tenido la utilidad esperada, deber\u00e1n continuar; es decir, le ha impuesto lo que debe hacer durante su sexenio.<\/p>\n\n\n\n<p>Y Claudia ha obedecido al pie de la letra las instrucciones, tratando de desmarcarse de vez en cuando, cuando menos en declaraciones, de las imposiciones.<\/p>\n\n\n\n<p>Como ha acatado las imposiciones de los integrantes de su pr\u00f3ximo gabinete, a\u00fan de actuales funcionarios.<\/p>\n\n\n\n<p>En el colmo, el pasado fin de semana durante la gira por el estado de Guerrero, L\u00f3pez Obrador recomend\u00f3 la constructora que deber\u00e1 seguir una obra carretera en esa entidad.<\/p>\n\n\n\n<p>\u201cEs muy probable que los tres que est\u00e1n aqu\u00ed (Zo\u00e9 Robledo, Alejandro Svarch y Ruy L\u00f3pez Ridaura) contin\u00faen, porque son los tres de lo mejor\u201d, dijo el Presidente en su conferencia del pasado 16 de julio.<\/p>\n\n\n\n<p>\u2014\u00bfYa le dijo a la presidenta electa?, le cuestion\u00f3 la prensa.<\/p>\n\n\n\n<p>\u2014No, no, yo no hablo de eso, pero es un desperdicio. Tienen un nivel acad\u00e9mico, doctorado en salud p\u00fablica, maestr\u00eda en derecho\u2026 matiz\u00f3.<\/p>\n\n\n\n<p>\u201cSiempre tomo en cuenta recomendaciones. Por supuesto, ya tocar\u00e1 tambi\u00e9n a todos los compa\u00f1eros de Salud\u201d, respondi\u00f3 Sheinbaum al d\u00eda siguiente; y posteriormente confirm\u00f3 los nuevos nombramientos.<\/p>\n\n\n\n<p>\u201cNUEVO GOBIERNO\u201d<\/p>\n\n\n\n<p>As\u00ed ha sido desde el 20 de junio, en que inici\u00f3 las primeras seis designaciones; nombramientos que en absoluto se han regido por la independencia para designar perfiles.<\/p>\n\n\n\n<p>S\u00ed, claro, Claudia Sheinbaum ha propuesto y logrado imponer algunos personajes, pero es indudable que, de la veintena de nombres ya dados a conocer, la mayor\u00eda lleva la marca obradorista, y faltan m\u00e1s.<\/p>\n\n\n\n<p>La secretaria de Seguridad, Rosa Icela Rodr\u00edguez, con m\u00e1s fracasos que logros, llevar\u00e1 ahora el segundo puesto de relevancia en el gabinete, ni m\u00e1s ni menos que la Secretar\u00eda de Gobernaci\u00f3n.<\/p>\n\n\n\n<p>Marcelo Ebrard, ex secretario de Relaciones Exteriores, ahora ser\u00e1 secretario de Econom\u00eda; Ariadna Montiel continuar\u00e1 en la Secretar\u00eda de Bienestar; Rogelio Ram\u00edrez de la O se mantendr\u00e1 en Hacienda.<\/p>\n\n\n\n<p>Por cierto, este \u00faltimo fue tambi\u00e9n una imposici\u00f3n; Obrador lo adelant\u00f3 en su conferencia matutina del 3 de junio, un d\u00eda despu\u00e9s de las elecciones, como para dejar en claro qui\u00e9n manda y quien mandar\u00e1 en el gobierno.<\/p>\n\n\n\n<p>Como lo orden\u00f3 el Presidente, tambi\u00e9n Zo\u00e9 Robledo continuar\u00e1 al frente del IMSS, cuyo sistema de salud est\u00e1 cada d\u00eda peor.<\/p>\n\n\n\n<p>L\u00e1zaro C\u00e1rdenas Batel, hijo de don Cuahut\u00e9moc, que tambi\u00e9n estuvo en el gabinete de L\u00f3pez Obrador, ir\u00e1 ahora al de Claudia como jefe de la Oficina de la Presidencia.<\/p>\n\n\n\n<p>Mario Delgado, a\u00fan dirigente de Morena, encabezar\u00e1 la SEP; por cierto, el Presidente tambi\u00e9n decidi\u00f3 que la pr\u00f3xima presidenta del partido guinda sea su actual secretaria de Gobernaci\u00f3n, Mar\u00eda Luisa Alcalde, y s\u00f3lo faltan las formalidades para concretarlo.<\/p>\n\n\n\n<p>Raquel Buenrostro, ex titular del SAT y actual secretaria de Econom\u00eda, ahora encabezar\u00e1 con Claudia la Secretar\u00eda de la Funci\u00f3n P\u00fablica.<\/p>\n\n\n\n<p>Alicia B\u00e1rcena, a\u00fan titular de Relaciones Exteriores, presidir\u00e1 la Secretar\u00eda del Medio Ambiente.<\/p>\n\n\n\n<p>Juan Ram\u00f3n de la Fuente, diplom\u00e1tico en Estados Unidos con Obrador, ser\u00e1 secretario de Relaciones Exteriores.&nbsp;<\/p>\n\n\n\n<p>\u00bfHacen falta m\u00e1s detalles para resaltar la marca obradorista? S\u00ed, faltan algunos nombramientos m\u00e1s en el gabinete legal y la mayor\u00eda del gabinete ampliado pero, por supuesto, las imposiciones presidenciales seguir\u00e1n.<\/p>\n\n\n\n<p>\u00bfMARCA ES DESTINO?<\/p>\n\n\n\n<p>Desde luego que no se est\u00e1 diciendo en este espacio que Claudia Sheinbaum Pardo no tiene la capacidad, la inteligencia y la firmeza para conducir un gobierno. Mucho menos se est\u00e1 rebajando su condici\u00f3n de mujer.<\/p>\n\n\n\n<p>No, lo que aqu\u00ed se detalla es que, a partir de los hechos y declaraciones oficiales, lleva irremediablemente la marca L\u00f3pez Obrador y ser\u00e1 muy dif\u00edcil que se desmarque de ese sello.<\/p>\n\n\n\n<p>No habr\u00eda mayor complicaci\u00f3n ni cr\u00edticas infundadas de no ser porque las imposiciones obradoristas no tienen mucha l\u00f3gica; por ejemplo, \u00bfpor qu\u00e9 poner a Rosa Icela Rodr\u00edguez en Gobernaci\u00f3n si, supuestamente, est\u00e1 funcionando en seguridad p\u00fablica? \u00bfO por qu\u00e9 no aprovechar la experiencia y relaciones de Ebrard para continuar en la SRE? \u00bfO por qu\u00e9 poner a un inexperto, sin experiencia en la docencia, como Mario Delgado, en la SEP? \u00bfNo hay perfiles mejores? \u00bfQu\u00e9 teme Obrador en materia financiera que tiene que obligar a que contin\u00fae Rogelio Ram\u00edrez de la O? \u00bfO qu\u00e9 sabe de medio ambiente la a\u00fan secretaria de Relaciones Exteriores, Alicia B\u00e1rcena? En Fin.<\/p>\n\n\n\n<p>No, en M\u00e9xico no hay reelecci\u00f3n. Pero como si la hubiera.<\/p>\n","protected":false},"excerpt":{"rendered":"<p>Ismael Garc\u00eda M.\/Zona Roja. Oaxaca de Ju\u00e1rez, Oax., a 29 de julio de 2024.- \u201cSiempre&hellip;<\/p>\n","protected":false},"author":2,"featured_media":67764,"comment_status":"closed","ping_status":"open","sticky":false,"template":"","format":"standard","meta":{"_lmt_disableupdate":"","_lmt_disable":"","_jetpack_memberships_contains_paid_content":false,"footnotes":""},"categories":[456,109,48],"tags":[1353],"class_list":["post-70831","post","type-post","status-publish","format-standard","has-post-thumbnail","hentry","category-columna","category-minuto-a-minuto","category-zona-critica","tag-opinion-zona-critica"],"jetpack_featured_media_url":"https:\/\/zonaroja.com.mx\/wp-content\/uploads\/2024\/04\/Opinion-Zona-Roja-Ismael-Garcia.jpg","jetpack_sharing_enabled":true,"_links":{"self":[{"href":"https:\/\/zonaroja.com.mx\/index.php?rest_route=\/wp\/v2\/posts\/70831","targetHints":{"allow":["GET"]}}],"collection":[{"href":"https:\/\/zonaroja.com.mx\/index.php?rest_route=\/wp\/v2\/posts"}],"about":[{"href":"https:\/\/zonaroja.com.mx\/index.php?rest_route=\/wp\/v2\/types\/post"}],"author":[{"embeddable":true,"href":"https:\/\/zonaroja.com.mx\/index.php?rest_route=\/wp\/v2\/users\/2"}],"replies":[{"embeddable":true,"href":"https:\/\/zonaroja.com.mx\/index.php?rest_route=%2Fwp%2Fv2%2Fcomments&post=70831"}],"version-history":[{"count":1,"href":"https:\/\/zonaroja.com.mx\/index.php?rest_route=\/wp\/v2\/posts\/70831\/revisions"}],"predecessor-version":[{"id":70832,"href":"https:\/\/zonaroja.com.mx\/index.php?rest_route=\/wp\/v2\/posts\/70831\/revisions\/70832"}],"wp:featuredmedia":[{"embeddable":true,"href":"https:\/\/zonaroja.com.mx\/index.php?rest_route=\/wp\/v2\/media\/67764"}],"wp:attachment":[{"href":"https:\/\/zonaroja.com.mx\/index.php?rest_route=%2Fwp%2Fv2%2Fmedia&parent=70831"}],"wp:term":[{"taxonomy":"category","embeddable":true,"href":"https:\/\/zonaroja.com.mx\/index.php?rest_route=%2Fwp%2Fv2%2Fcategories&post=70831"},{"taxonomy":"post_tag","embeddable":true,"href":"https:\/\/zonaroja.com.mx\/index.php?rest_route=%2Fwp%2Fv2%2Ftags&post=70831"}],"curies":[{"name":"wp","href":"https:\/\/api.w.org\/{rel}","templated":true}]}}