{"id":70833,"date":"2024-07-29T09:26:00","date_gmt":"2024-07-29T15:26:00","guid":{"rendered":"https:\/\/zonaroja.com.mx\/?p=70833"},"modified":"2024-07-29T08:36:20","modified_gmt":"2024-07-29T14:36:20","slug":"mazatecas-de-eloxochitlan-vencieron-al-estado-y-lograron-justicia","status":"publish","type":"post","link":"https:\/\/zonaroja.com.mx\/?p=70833","title":{"rendered":"Mazatecas de Eloxochitl\u00e1n vencieron al Estado y lograron justicia"},"content":{"rendered":"\n<p>Ismael Garc\u00eda M.\/Zona Roja.<\/p>\n\n\n\n<p>Oaxaca de Ju\u00e1rez, Oax., a 29 de julio de 2024.- Con una manifestaci\u00f3n art\u00edstica en la ciudad de Oaxaca, \u201cMazatecas por la Libertad\u201d celebraron el triunfo sobre el Estado, al lograr la excarcelaci\u00f3n de 21 v\u00edctimas acusadas de diversos delitos, tras hechos violentos del 2014 en Eloxochitl\u00e1n de Flores Mag\u00f3n.<\/p>\n\n\n\n<p>Pero tambi\u00e9n exigieron que cese la persecuci\u00f3n en contra de al menos 12 personas m\u00e1s que siguen siendo perseguidas ya acosadas por la justicia por esos hechos en contra de la familia Zepeda Lagunas.<\/p>\n\n\n\n<p>\u201cNos asiste la raz\u00f3n, siempre nos asisti\u00f3 la raz\u00f3n cuando dijimos sobre los delitos fabricados contra las v\u00edctimas de persecuci\u00f3n de tres gobiernos\u201d, remarc\u00f3 Argelia Betanzos, durante una entrevista de este domingo.<\/p>\n\n\n\n<p>No obstante, reproch\u00f3 que a\u00fan hay al menos 12 personas que siguen siendo buscadas debido a que son acusadas por los mismos hechos de violencia sucedido hace casi una d\u00e9cada en ese municipio de la regi\u00f3n Sierra de Flores Mag\u00f3n, antes denominada Ca\u00f1ada.<\/p>\n\n\n\n<p>\u201cQueremos exigir con la protesta que el Estado debe tener la voluntad de acabar con esta persecuci\u00f3n, por qu\u00e9 esperar otros 10 a\u00f1os; m\u00e1s cuando se ha visto que no hab\u00eda de qu\u00e9 acusar los compa\u00f1eros, cuando se vio que el Estado quiso cometer etnocidio\u201d, dijo.<\/p>\n\n\n\n<p>Demand\u00f3 a los poderes Ejecutivo y Judicial, as\u00ed como a la Fiscal\u00eda General del Estado a poner fin a esta persecuci\u00f3n; record\u00f3 que los familiares de las v\u00edctimas han ganado m\u00e1s de 30 amparos, que les han dado la raz\u00f3n en todo.<\/p>\n\n\n\n<p>\u201cFueron exculpados la mayor\u00eda, excepto cinco, estos \u00faltimos salieron por exceso de prisi\u00f3n preventiva, siguen firmando y exigimos el cierre definitivo de los procesos y que se les absuelva como a todos los dem\u00e1s\u201d, dijo.<\/p>\n\n\n\n<p>Argelia Betanzo expuso que otra de las exigencias es hacia la Suprema Corte de Justicia de la Naci\u00f3n, para que dicte la libertad absoluta a Miguel Peralta, quien fue liberado desde el a\u00f1o 2019 pero siguen jugando con su libertad.<\/p>\n\n\n\n<p>Con respecto a una de las principales acusadoras, la ex diputada local, ex funcionaria estatal y ahora pr\u00f3xima legisladora, Elisa Zepeda Lagunas, remarc\u00f3.<\/p>\n\n\n\n<p>\u201cElisa es cobijada por Morena y la protesta de hoy es tambi\u00e9n una denuncia de c\u00f3mo es que un Estado puede ser tan c\u00f3mplice de seguir colocando a Elisa en puestos como diputaci\u00f3n que le acaban de regalar.<\/p>\n\n\n\n<p>\u201cEs insensato que el gobierno no pueda actuar de oficio para perseguir a esta persona, cuyos testimonios falsos se han corroborado y no pasa nada; en qu\u00e9 estado de justicia vivimos, en qu\u00e9 estado de derecho vivimos, bajo qu\u00e9 principio de no mentir vivimos, bajo qu\u00e9 principios de corromperse, c\u00f3mo se entienden esos principios en el gobierno cuando la realidad la vivimos de esta manera\u201d.<\/p>\n","protected":false},"excerpt":{"rendered":"<p>Ismael Garc\u00eda M.\/Zona Roja. Oaxaca de Ju\u00e1rez, Oax., a 29 de julio de 2024.- Con&hellip;<\/p>\n","protected":false},"author":2,"featured_media":70834,"comment_status":"closed","ping_status":"open","sticky":false,"template":"","format":"standard","meta":{"_lmt_disableupdate":"","_lmt_disable":"","_jetpack_memberships_contains_paid_content":false,"footnotes":""},"categories":[109,46],"tags":[215,719],"class_list":["post-70833","post","type-post","status-publish","format-standard","has-post-thumbnail","hentry","category-minuto-a-minuto","category-zona-blanca","tag-elisa-zepeda-lagunas","tag-eloxochitlan-de-flores-magon"],"jetpack_featured_media_url":"https:\/\/zonaroja.com.mx\/wp-content\/uploads\/2024\/07\/Argelia-Betanzos-Eloxhochitlan.jpg","jetpack_sharing_enabled":true,"_links":{"self":[{"href":"https:\/\/zonaroja.com.mx\/index.php?rest_route=\/wp\/v2\/posts\/70833","targetHints":{"allow":["GET"]}}],"collection":[{"href":"https:\/\/zonaroja.com.mx\/index.php?rest_route=\/wp\/v2\/posts"}],"about":[{"href":"https:\/\/zonaroja.com.mx\/index.php?rest_route=\/wp\/v2\/types\/post"}],"author":[{"embeddable":true,"href":"https:\/\/zonaroja.com.mx\/index.php?rest_route=\/wp\/v2\/users\/2"}],"replies":[{"embeddable":true,"href":"https:\/\/zonaroja.com.mx\/index.php?rest_route=%2Fwp%2Fv2%2Fcomments&post=70833"}],"version-history":[{"count":1,"href":"https:\/\/zonaroja.com.mx\/index.php?rest_route=\/wp\/v2\/posts\/70833\/revisions"}],"predecessor-version":[{"id":70835,"href":"https:\/\/zonaroja.com.mx\/index.php?rest_route=\/wp\/v2\/posts\/70833\/revisions\/70835"}],"wp:featuredmedia":[{"embeddable":true,"href":"https:\/\/zonaroja.com.mx\/index.php?rest_route=\/wp\/v2\/media\/70834"}],"wp:attachment":[{"href":"https:\/\/zonaroja.com.mx\/index.php?rest_route=%2Fwp%2Fv2%2Fmedia&parent=70833"}],"wp:term":[{"taxonomy":"category","embeddable":true,"href":"https:\/\/zonaroja.com.mx\/index.php?rest_route=%2Fwp%2Fv2%2Fcategories&post=70833"},{"taxonomy":"post_tag","embeddable":true,"href":"https:\/\/zonaroja.com.mx\/index.php?rest_route=%2Fwp%2Fv2%2Ftags&post=70833"}],"curies":[{"name":"wp","href":"https:\/\/api.w.org\/{rel}","templated":true}]}}