{"id":70836,"date":"2024-07-29T11:30:00","date_gmt":"2024-07-29T17:30:00","guid":{"rendered":"https:\/\/zonaroja.com.mx\/?p=70836"},"modified":"2024-07-29T08:55:17","modified_gmt":"2024-07-29T14:55:17","slug":"matan-a-un-menor-de-edad-en-cancun-dos-asesinados-en-slp-y-otro-en-nl","status":"publish","type":"post","link":"https:\/\/zonaroja.com.mx\/?p=70836","title":{"rendered":"Matan a un menor de edad en Canc\u00fan; dos asesinados en SLP y otro en NL"},"content":{"rendered":"\n<p>Redacci\u00f3n\/Zona Roja Cdmx.<\/p>\n\n\n\n<p>Ciudad de M\u00e9xico, a 29 de julio de 2024.- Un menor de edad fue asesinado a balazos ayer en la zona hotelera de Canc\u00fan, Quintana Roo.<\/p>\n\n\n\n<p>Presuntamente fue en el marco de la disputa por las \u00e1reas de venta del narcomenudeo lo que gener\u00f3 la agresi\u00f3n armada y una bala alcanz\u00f3 al menor, reporta el diario \u201cEl Financiero\u201d.<\/p>\n\n\n\n<p>Los hechos se registraron alrededor de las 15:30 horas de ayer en el kil\u00f3metro 9.5 de la zona de playas, cuando unos narcomenudistas comenzaron a &nbsp;disparar en contra de otras personas.<\/p>\n\n\n\n<p>Una de esas balas dio en el pecho de un menor de 12 a\u00f1os, que estaba en compa\u00f1\u00eda de sus padres y que acudieron a ese sitio a pasar un d\u00eda en familia.<\/p>\n\n\n\n<p>EN SLP<\/p>\n\n\n\n<p>Por otra parte, de acuerdo con el diario \u201cLa Jornada\u201d, en el municipio de Salinas Hidalgo, elementos de la Guardia Civil Estatal, se enfrentaron a balazos contra un grupo de civiles armados; dejando como resultado dos presuntos delincuentes muertos, sin ser identificados.<\/p>\n\n\n\n<p>En el evento se asegur\u00f3 un veh\u00edculo y armas de fuego de diversos calibres.<\/p>\n\n\n\n<p>La Fiscal\u00eda General del Estado, informo que ya abri\u00f3 una carpeta de investigaci\u00f3n para ahondar en los hechos.<\/p>\n\n\n\n<p>Al respecto, la Fiscal\u00eda General del Estado de San Luis Potos\u00ed inform\u00f3 que, derivado de un enfrentamiento entre elementos de la Guardia Civil Estatal y un grupo delincuencial, se iniciaron las investigaciones correspondientes.<\/p>\n\n\n\n<p>La dependencia agreg\u00f3, en el reporte inicial que el evento se registr\u00f3 al mediod\u00eda del 28 de julio de 2024, en la comunidad de San Pablo del municipio de Salinas Hidalgo, al norte del San Luis Potos\u00ed, en los l\u00edmites con territorio del Estado vecino de Zacatecas.<\/p>\n\n\n\n<p>EN NUEVO LE\u00d3N<\/p>\n\n\n\n<p>Por otra parte, como se inform\u00f3, Jos\u00e9 Juventino Bernal Gonz\u00e1lez, secretario de Seguridad P\u00fablica de Abasolo, municipio en el noroeste de la zona metropolitana de Monterrey, Nuevo Le\u00f3n, fue asesinado ayer luego de ser privado de la libertad, en la poblaci\u00f3n de Galeana.<\/p>\n\n\n\n<p>El jefe policiaco ten\u00eda huellas de haber sido atropellado; su cuerpo fue encontrado en un terreno contiguo a la carretera de acceso a la comunidad La Hediondilla, horas despu\u00e9s de ser plagiado, revelaron fuentes oficiales, seg\u00fan informaci\u00f3n de \u201cLa Jornada\u00bb.<\/p>\n\n\n\n<p>El s\u00e1bado Bernal Gonz\u00e1lez iba caminando acompa\u00f1ado de su esposa en una zona de caba\u00f1as cuando hombres a bordo de una camioneta lo interceptaron y subieron por la fuerza al veh\u00edculo, dejando a la mujer en el lugar.<\/p>\n\n\n\n<p>Ayer alrededor de las 0:30 horas, la autoridad report\u00f3 la localizaci\u00f3n del cad\u00e1ver del jefe policiaco en el camino a La Hediondilla, cerca del sector San Rafael, en Galeana.<\/p>\n","protected":false},"excerpt":{"rendered":"<p>Redacci\u00f3n\/Zona Roja Cdmx. Ciudad de M\u00e9xico, a 29 de julio de 2024.- Un menor de&hellip;<\/p>\n","protected":false},"author":2,"featured_media":69311,"comment_status":"closed","ping_status":"open","sticky":false,"template":"","format":"standard","meta":{"_lmt_disableupdate":"","_lmt_disable":"","_jetpack_memberships_contains_paid_content":false,"footnotes":""},"categories":[109,51],"tags":[1746],"class_list":["post-70836","post","type-post","status-publish","format-standard","has-post-thumbnail","hentry","category-minuto-a-minuto","category-zona-roja","tag-violencia-en-mexico"],"jetpack_featured_media_url":"https:\/\/zonaroja.com.mx\/wp-content\/uploads\/2024\/06\/Escena-asesinato-crimen-violencia.jpeg","jetpack_sharing_enabled":true,"_links":{"self":[{"href":"https:\/\/zonaroja.com.mx\/index.php?rest_route=\/wp\/v2\/posts\/70836","targetHints":{"allow":["GET"]}}],"collection":[{"href":"https:\/\/zonaroja.com.mx\/index.php?rest_route=\/wp\/v2\/posts"}],"about":[{"href":"https:\/\/zonaroja.com.mx\/index.php?rest_route=\/wp\/v2\/types\/post"}],"author":[{"embeddable":true,"href":"https:\/\/zonaroja.com.mx\/index.php?rest_route=\/wp\/v2\/users\/2"}],"replies":[{"embeddable":true,"href":"https:\/\/zonaroja.com.mx\/index.php?rest_route=%2Fwp%2Fv2%2Fcomments&post=70836"}],"version-history":[{"count":1,"href":"https:\/\/zonaroja.com.mx\/index.php?rest_route=\/wp\/v2\/posts\/70836\/revisions"}],"predecessor-version":[{"id":70837,"href":"https:\/\/zonaroja.com.mx\/index.php?rest_route=\/wp\/v2\/posts\/70836\/revisions\/70837"}],"wp:featuredmedia":[{"embeddable":true,"href":"https:\/\/zonaroja.com.mx\/index.php?rest_route=\/wp\/v2\/media\/69311"}],"wp:attachment":[{"href":"https:\/\/zonaroja.com.mx\/index.php?rest_route=%2Fwp%2Fv2%2Fmedia&parent=70836"}],"wp:term":[{"taxonomy":"category","embeddable":true,"href":"https:\/\/zonaroja.com.mx\/index.php?rest_route=%2Fwp%2Fv2%2Fcategories&post=70836"},{"taxonomy":"post_tag","embeddable":true,"href":"https:\/\/zonaroja.com.mx\/index.php?rest_route=%2Fwp%2Fv2%2Ftags&post=70836"}],"curies":[{"name":"wp","href":"https:\/\/api.w.org\/{rel}","templated":true}]}}