{"id":70847,"date":"2024-07-29T20:27:45","date_gmt":"2024-07-30T02:27:45","guid":{"rendered":"https:\/\/zonaroja.com.mx\/?p=70847"},"modified":"2024-07-29T20:27:47","modified_gmt":"2024-07-30T02:27:47","slug":"que-ahora-si-la-fgr-abre-indagatoria-tras-detencion-de-el-mayo-e-hijo-de-el-chapo","status":"publish","type":"post","link":"https:\/\/zonaroja.com.mx\/?p=70847","title":{"rendered":"Que ahora s\u00ed, la FGR abre indagatoria tras detenci\u00f3n de \u201cEl Mayo\u201d e hijo de \u201cEl Chapo\u201d"},"content":{"rendered":"\n<p>Redacci\u00f3n\/Zona Roja Cdmx.<\/p>\n\n\n\n<p>Ciudad de M\u00e9xico, a 29 de julio de 2024.- Rosa Icela Rodr\u00edguez, secretaria de Seguridad y Protecci\u00f3n Ciudadana (SSPC), detall\u00f3 que la Fiscal\u00eda General de la Rep\u00fablica (FGR) abri\u00f3 una carpeta de investigaci\u00f3n en Sonora, luego de la detenci\u00f3n en Estados Unidos de Ismael \u201cMayo\u201d Zambada y Joaqu\u00edn Guzm\u00e1n L\u00f3pez, l\u00edderes del C\u00e1rtel de Sinaloa.<\/p>\n\n\n\n<p>En la conferencia matutina de Palacio Nacional, Rodr\u00edguez Vel\u00e1zquez indic\u00f3 que dentro de esta investigaci\u00f3n se contempla las&nbsp;declaraciones de los abogados y testigos de los hechos<\/p>\n\n\n\n<p>\u201cSe informa que la FGR abri\u00f3 la carpeta federal 1882-24 en el estado de Sonora por los delitos que pudieran haber ocurrido inici\u00e1ndose tambi\u00e9n todas las acciones y diligencias ministeriales, policiacas y periciales que el caso amerite, incluyendo el origen y destino en la aeronave en la que viajaron a Estados Unidos\u201d, dijo.<\/p>\n\n\n\n<p>La funcionaria federal reiter\u00f3 que el Gabinete de Seguridad dar\u00e1 seguimiento a esta investigaciones que realice la FGR.<\/p>\n\n\n\n<p>\u201cHasta que se esclarezca el desarrollo de los hechos en los que Ismael \u2018Mayo\u2019 Zambada y Joaqu\u00edn Guzm\u00e1n L\u00f3pez quedaron bajo custodia de las autoridades estadounidenses y en las que no particip\u00f3 el gobierno de M\u00e9xico\u201d, indic\u00f3.<\/p>\n\n\n\n<p>Ismael \u201cMayo\u201d Zambada y Joaqu\u00edn Guzm\u00e1n L\u00f3pez, hijo del narcotraficante Joaqu\u00edn \u201cChapo\u201d Guzm\u00e1n, fueron detenidos por autoridades de EE.UU. el pasado jueves cerca de El Paso, en Texas.<\/p>\n\n\n\n<p>Zambada Garc\u00eda, quien tambi\u00e9n tiene cuatro \u00f3rdenes de arresto en M\u00e9xico, afrontar\u00e1 en Estados Unidos cargos por tr\u00e1ficos de diversas drogas, tr\u00e1fico de armas, lavado de dinero, asesinato y secuestro, mientras que Guzm\u00e1n L\u00f3pez est\u00e1 acusado de tr\u00e1fico de coca\u00edna, fentanilo, hero\u00edna y metanfetaminas.<\/p>\n\n\n\n<p>La captura del \u2018Mayo\u2019 Zambada, por quien el Departamento de Justicia ofrec\u00eda 15 millones de d\u00f3lares, tambi\u00e9n despierta inter\u00e9s porque ocurre a tres meses de que ocurran las elecciones presidenciales en Estados Unidos, donde el tr\u00e1fico de fentanilo desde M\u00e9xico y el poder de los c\u00e1rteles mexicanos ha sido un tema clave.<\/p>\n\n\n\n<p>(Con informaci\u00f3n de L\u00f3pez-D\u00f3riga Digital)<\/p>\n","protected":false},"excerpt":{"rendered":"<p>Redacci\u00f3n\/Zona Roja Cdmx. Ciudad de M\u00e9xico, a 29 de julio de 2024.- Rosa Icela Rodr\u00edguez,&hellip;<\/p>\n","protected":false},"author":2,"featured_media":70848,"comment_status":"closed","ping_status":"open","sticky":false,"template":"","format":"standard","meta":{"_lmt_disableupdate":"","_lmt_disable":"","_jetpack_memberships_contains_paid_content":false,"footnotes":""},"categories":[109,47],"tags":[3847],"class_list":["post-70847","post","type-post","status-publish","format-standard","has-post-thumbnail","hentry","category-minuto-a-minuto","category-zona-gris","tag-ismael-el-mayo-zambada"],"jetpack_featured_media_url":"https:\/\/zonaroja.com.mx\/wp-content\/uploads\/2024\/07\/Mayo-Zambada-y-Joaquin-Guzman.jpeg","jetpack_sharing_enabled":true,"_links":{"self":[{"href":"https:\/\/zonaroja.com.mx\/index.php?rest_route=\/wp\/v2\/posts\/70847","targetHints":{"allow":["GET"]}}],"collection":[{"href":"https:\/\/zonaroja.com.mx\/index.php?rest_route=\/wp\/v2\/posts"}],"about":[{"href":"https:\/\/zonaroja.com.mx\/index.php?rest_route=\/wp\/v2\/types\/post"}],"author":[{"embeddable":true,"href":"https:\/\/zonaroja.com.mx\/index.php?rest_route=\/wp\/v2\/users\/2"}],"replies":[{"embeddable":true,"href":"https:\/\/zonaroja.com.mx\/index.php?rest_route=%2Fwp%2Fv2%2Fcomments&post=70847"}],"version-history":[{"count":1,"href":"https:\/\/zonaroja.com.mx\/index.php?rest_route=\/wp\/v2\/posts\/70847\/revisions"}],"predecessor-version":[{"id":70849,"href":"https:\/\/zonaroja.com.mx\/index.php?rest_route=\/wp\/v2\/posts\/70847\/revisions\/70849"}],"wp:featuredmedia":[{"embeddable":true,"href":"https:\/\/zonaroja.com.mx\/index.php?rest_route=\/wp\/v2\/media\/70848"}],"wp:attachment":[{"href":"https:\/\/zonaroja.com.mx\/index.php?rest_route=%2Fwp%2Fv2%2Fmedia&parent=70847"}],"wp:term":[{"taxonomy":"category","embeddable":true,"href":"https:\/\/zonaroja.com.mx\/index.php?rest_route=%2Fwp%2Fv2%2Fcategories&post=70847"},{"taxonomy":"post_tag","embeddable":true,"href":"https:\/\/zonaroja.com.mx\/index.php?rest_route=%2Fwp%2Fv2%2Ftags&post=70847"}],"curies":[{"name":"wp","href":"https:\/\/api.w.org\/{rel}","templated":true}]}}