{"id":70850,"date":"2024-07-29T21:36:35","date_gmt":"2024-07-30T03:36:35","guid":{"rendered":"https:\/\/zonaroja.com.mx\/?p=70850"},"modified":"2024-07-29T21:36:38","modified_gmt":"2024-07-30T03:36:38","slug":"protestan-en-guelaguetza-mujeres-acosadas-por-funcionarios","status":"publish","type":"post","link":"https:\/\/zonaroja.com.mx\/?p=70850","title":{"rendered":"Protestan en Guelaguetza mujeres acosadas por funcionarios"},"content":{"rendered":"\n<p>Raymundo Morales\/Zona Roja.<\/p>\n\n\n\n<p>Oaxaca de Ju\u00e1rez, Oax., a 29 de julio de 2024.- Casi al t\u00e9rmino de la edici\u00f3n matutina del segundo Lunes del Cerro, dos mujeres v\u00edctimas de acoso y violencia por parte de funcionarios estatales, protestaron en el exterior del auditorio del cerro del \u201cFort\u00edn\u201d.<\/p>\n\n\n\n<p>Se trata de Aracely Cruz Jim\u00e9nez, quien desde el a\u00f1o pasado denunci\u00f3 violencia familiar y acoso sexual por parte de Donato Vargas Jim\u00e9nez, actual titular de la Coordinaci\u00f3n de Delegados de Paz y quien momentos antes estuvo en la zona de la manifestaci\u00f3n por al menos un hora.<\/p>\n\n\n\n<p>\u201cMe preocupa ampliamente que el se\u00f1or siga ejerciendo funciones cuando es un peligro para las ni\u00f1as y los ni\u00f1os de nuestro estado; para los hombres y mujeres de Oaxaca\u201d, dijo.<\/p>\n\n\n\n<p>Asimismo, Ruth Hern\u00e1ndez, quien ha acusado al director del Colegio Superior de Educaci\u00f3n Integral Intercultural de Oaxaca (CSEIIO), Ren\u00e9 V\u00e1squez Castillejos (hermano del secretario de Cultura estatal, V\u00edctor V\u00e1squez Castillejos), de acoso laboral y de negarse a pagar un laudo desde hace varios a\u00f1os.<\/p>\n\n\n\n<p>Con lona en mano y con el apoyo del activista Joaqu\u00edn Galv\u00e1n, ambas se apostaron frente a las taquillas del inmueble ubicado en el cerro del \u201cFort\u00edn\u201d de la capital y demandaron una reuni\u00f3n urgente con el gobernador Salom\u00f3n Jara Cruz, quien anteriormente se hab\u00eda ofrecido a escucharlas.<\/p>\n\n\n\n<p>Tras varios minutos, una funcionaria de la Secretar\u00eda de Gobierno se acerc\u00f3 a ellas para dialogar y ofrecerles una mesa de trabajo; sin embargo, la rechazaron debido a que ha habido otras reuniones y en ning\u00fan caso han sido escuchadas ni atendidas sus demandas de justicia.<\/p>\n\n\n\n<p>Posteriormente pas\u00f3 el ex funcionario estatal Jos\u00e9 Antonio Rueda M\u00e1rquez, quien se detuvo unos minutos a escucharlas y ofrecerles una mediaci\u00f3n.<\/p>\n\n\n\n<p>A un lado pas\u00f3 luego el diputado local por Morena y pr\u00f3ximo senador por el PVEM, Luis Alfonso Silva Romo, a quien lanzaron reproches.<\/p>\n\n\n\n<p>Al t\u00e9rmino de la salida de la mayor\u00eda de personas del auditorio \u201cGuelaguetza\u201d, ambas mujeres se retiraron del lugar pero amagaron con continuar sus manifestaciones, en caso de que no haya justicia pronta.<\/p>\n\n\n\n<figure class=\"wp-block-embed is-type-rich is-provider-twitter wp-block-embed-twitter\"><div class=\"wp-block-embed__wrapper\">\n<div class=\"twitter-tweet\"><blockquote class=\"twitter-tweet\" data-lang=\"es\"><p lang=\"es\" dir=\"ltr\">3.- Una funcionaria de la Secretar\u00eda de Gobierno (<a href=\"https:\/\/twitter.com\/SEGO_Oax?ref_src=twsrc%5Etfw\">@SEGO_Oax<\/a>) ofreci\u00f3 una mesa de di\u00e1logo a las mujeres violentadas por funcionarios estatales, Aracely Cruz y Ruth Hern\u00e1ndez, con tal de que retiraran su manifestaci\u00f3n, pero \u00e9stas les recriminaron que de nada sirven las reuniones si\u2026 <a href=\"https:\/\/t.co\/k9HCaDCSUK\">pic.twitter.com\/k9HCaDCSUK<\/a><\/p>&mdash; Zona Roja Oaxaca (@ZonaRoja_Oaxaca) <a href=\"https:\/\/twitter.com\/ZonaRoja_Oaxaca\/status\/1818102399891890225?ref_src=twsrc%5Etfw\">30 de julio de 2024<\/a><\/blockquote><\/div>\n<\/div><\/figure>\n","protected":false},"excerpt":{"rendered":"<p>Raymundo Morales\/Zona Roja. Oaxaca de Ju\u00e1rez, Oax., a 29 de julio de 2024.- Casi al&hellip;<\/p>\n","protected":false},"author":2,"featured_media":70844,"comment_status":"closed","ping_status":"open","sticky":false,"template":"","format":"standard","meta":{"_lmt_disableupdate":"","_lmt_disable":"","_jetpack_memberships_contains_paid_content":false,"footnotes":""},"categories":[109,47],"tags":[4011,3502],"class_list":["post-70850","post","type-post","status-publish","format-standard","has-post-thumbnail","hentry","category-minuto-a-minuto","category-zona-gris","tag-aracely-cruz-jimenez","tag-donato-vargas-jimenez"],"jetpack_featured_media_url":"https:\/\/zonaroja.com.mx\/wp-content\/uploads\/2024\/07\/Protesta-auditorio-Guelaguetza.jpg","jetpack_sharing_enabled":true,"_links":{"self":[{"href":"https:\/\/zonaroja.com.mx\/index.php?rest_route=\/wp\/v2\/posts\/70850","targetHints":{"allow":["GET"]}}],"collection":[{"href":"https:\/\/zonaroja.com.mx\/index.php?rest_route=\/wp\/v2\/posts"}],"about":[{"href":"https:\/\/zonaroja.com.mx\/index.php?rest_route=\/wp\/v2\/types\/post"}],"author":[{"embeddable":true,"href":"https:\/\/zonaroja.com.mx\/index.php?rest_route=\/wp\/v2\/users\/2"}],"replies":[{"embeddable":true,"href":"https:\/\/zonaroja.com.mx\/index.php?rest_route=%2Fwp%2Fv2%2Fcomments&post=70850"}],"version-history":[{"count":1,"href":"https:\/\/zonaroja.com.mx\/index.php?rest_route=\/wp\/v2\/posts\/70850\/revisions"}],"predecessor-version":[{"id":70851,"href":"https:\/\/zonaroja.com.mx\/index.php?rest_route=\/wp\/v2\/posts\/70850\/revisions\/70851"}],"wp:featuredmedia":[{"embeddable":true,"href":"https:\/\/zonaroja.com.mx\/index.php?rest_route=\/wp\/v2\/media\/70844"}],"wp:attachment":[{"href":"https:\/\/zonaroja.com.mx\/index.php?rest_route=%2Fwp%2Fv2%2Fmedia&parent=70850"}],"wp:term":[{"taxonomy":"category","embeddable":true,"href":"https:\/\/zonaroja.com.mx\/index.php?rest_route=%2Fwp%2Fv2%2Fcategories&post=70850"},{"taxonomy":"post_tag","embeddable":true,"href":"https:\/\/zonaroja.com.mx\/index.php?rest_route=%2Fwp%2Fv2%2Ftags&post=70850"}],"curies":[{"name":"wp","href":"https:\/\/api.w.org\/{rel}","templated":true}]}}