{"id":70861,"date":"2024-07-30T09:30:00","date_gmt":"2024-07-30T15:30:00","guid":{"rendered":"https:\/\/zonaroja.com.mx\/?p=70861"},"modified":"2024-07-30T07:45:14","modified_gmt":"2024-07-30T13:45:14","slug":"ayotzinapa-amlo-hereda-el-caso-a-claudia-sheinbaum","status":"publish","type":"post","link":"https:\/\/zonaroja.com.mx\/?p=70861","title":{"rendered":"Ayotzinapa: AMLO hereda el caso a Claudia Sheinbaum"},"content":{"rendered":"\n<p>Redacci\u00f3n\/Zona Roja Cdmx.<\/p>\n\n\n\n<p>Ciudad de M\u00e9xico, a 30 de julio de 2024.- El portavoz de las madres y padres de los normalistas desaparecidos, Vidulfo Rosales, expres\u00f3 su rechazo al informe presentado por el presidente sobre el caso Ayotzinapa.<\/p>\n\n\n\n<p>Cerca de las 14:20 horas de ayer, los padres y las madres de los 43 normalistas de Ayotzinapa desaparecidos en 2014 salieron de Palacio Nacional, tras el termino de la reuni\u00f3n con el presidente Andr\u00e9s Manuel L\u00f3pez Obrador.<\/p>\n\n\n\n<p>Vidulfo Rosales, abogado de las familias, inform\u00f3 en breves declaraciones que \u201cno hubo grandes avances\u201d, y que en el encuentro con el jefe del Ejecutivo manifestaron su desacuerdo con el primer reporte sobre el caso que les entreg\u00f3 a principios de julio.<\/p>\n\n\n\n<p>Asimismo, indic\u00f3 que entregaron su respuesta al contenido del informe presidencial y que habr\u00e1 una pr\u00f3xima reuni\u00f3n con el mandatario el 27 de agosto.<\/p>\n\n\n\n<p>REUNI\u00d3N CON CLAUDIA<\/p>\n\n\n\n<p>Por otra parte, la virtual presidenta electa, Claudia Sheinbaum, ofreci\u00f3 a los padres de los 43 normalistas desaparecidos hace casi 10 a\u00f1os que \u201cno se nos va a olvidar el caso Ayotzinapa\u201d y trabajar conjuntamente un m\u00e9todo que permita encontrar a los j\u00f3venes<\/p>\n\n\n\n<p>Despu\u00e9s de una reuni\u00f3n de casi dos horas en el Museo de la Ciudad de M\u00e9xico, Sheinbaum dijo que habr\u00e1 una nueva reuni\u00f3n aunque todav\u00eda no existe fecha.<\/p>\n\n\n\n<p>\u201cNos reunimos con los padres y madres, abogados y representantes de Naciones Unidas y quedamos de seguirnos reuniendo, que no se nos va a olvidar el caso Ayotzinapa y que vamos a seguir trabajando con ellos y vamos a encontrar un m\u00e9todo de trabajo que nos permita lo que est\u00e1n pidiendo ellos, verdad , justicia y d\u00f3nde est\u00e1n, dijo en una breve declaraci\u00f3n afuera del museo.<\/p>\n\n\n\n<p>\u201cMe reun\u00ed con las madres y padres de los estudiantes de la Normal Rural Ra\u00fal Isidro Burgos en Ayotzinapa, Guerrero, desaparecidos la noche del 26 de septiembre de 2014. Me compromet\u00ed a poner toda mi voluntad para dar seguimiento a la b\u00fasqueda de la verdad, la justicia y encontrar a sus hijos. Vamos a seguir reuni\u00e9ndonos\u201d, difundi\u00f3 en redes sociales.<\/p>\n","protected":false},"excerpt":{"rendered":"<p>Redacci\u00f3n\/Zona Roja Cdmx. Ciudad de M\u00e9xico, a 30 de julio de 2024.- El portavoz de&hellip;<\/p>\n","protected":false},"author":2,"featured_media":70862,"comment_status":"closed","ping_status":"open","sticky":false,"template":"","format":"standard","meta":{"_lmt_disableupdate":"","_lmt_disable":"","_jetpack_memberships_contains_paid_content":false,"footnotes":""},"categories":[109,47],"tags":[3370,823],"class_list":["post-70861","post","type-post","status-publish","format-standard","has-post-thumbnail","hentry","category-minuto-a-minuto","category-zona-gris","tag-claudia-sheinbaum","tag-desaparecidos-ayotzinapa-guerrero"],"jetpack_featured_media_url":"https:\/\/zonaroja.com.mx\/wp-content\/uploads\/2024\/07\/Reunion-Claudia-Sheinbaum-Ayotzinapa.jpeg.webp","jetpack_sharing_enabled":true,"_links":{"self":[{"href":"https:\/\/zonaroja.com.mx\/index.php?rest_route=\/wp\/v2\/posts\/70861","targetHints":{"allow":["GET"]}}],"collection":[{"href":"https:\/\/zonaroja.com.mx\/index.php?rest_route=\/wp\/v2\/posts"}],"about":[{"href":"https:\/\/zonaroja.com.mx\/index.php?rest_route=\/wp\/v2\/types\/post"}],"author":[{"embeddable":true,"href":"https:\/\/zonaroja.com.mx\/index.php?rest_route=\/wp\/v2\/users\/2"}],"replies":[{"embeddable":true,"href":"https:\/\/zonaroja.com.mx\/index.php?rest_route=%2Fwp%2Fv2%2Fcomments&post=70861"}],"version-history":[{"count":1,"href":"https:\/\/zonaroja.com.mx\/index.php?rest_route=\/wp\/v2\/posts\/70861\/revisions"}],"predecessor-version":[{"id":70863,"href":"https:\/\/zonaroja.com.mx\/index.php?rest_route=\/wp\/v2\/posts\/70861\/revisions\/70863"}],"wp:featuredmedia":[{"embeddable":true,"href":"https:\/\/zonaroja.com.mx\/index.php?rest_route=\/wp\/v2\/media\/70862"}],"wp:attachment":[{"href":"https:\/\/zonaroja.com.mx\/index.php?rest_route=%2Fwp%2Fv2%2Fmedia&parent=70861"}],"wp:term":[{"taxonomy":"category","embeddable":true,"href":"https:\/\/zonaroja.com.mx\/index.php?rest_route=%2Fwp%2Fv2%2Fcategories&post=70861"},{"taxonomy":"post_tag","embeddable":true,"href":"https:\/\/zonaroja.com.mx\/index.php?rest_route=%2Fwp%2Fv2%2Ftags&post=70861"}],"curies":[{"name":"wp","href":"https:\/\/api.w.org\/{rel}","templated":true}]}}