{"id":70864,"date":"2024-07-30T07:47:48","date_gmt":"2024-07-30T13:47:48","guid":{"rendered":"https:\/\/zonaroja.com.mx\/?p=70864"},"modified":"2024-07-30T07:47:51","modified_gmt":"2024-07-30T13:47:51","slug":"ahora-roban-hasta-cadaveres-de-familiares-de-ex-lider-del-cartel-del-sinaloa","status":"publish","type":"post","link":"https:\/\/zonaroja.com.mx\/?p=70864","title":{"rendered":"Ahora roban hasta cad\u00e1veres de familiares de ex l\u00edder del C\u00e1rtel del Sinaloa"},"content":{"rendered":"\n<p>Redacci\u00f3n\/Zona Roja Cdmx.<\/p>\n\n\n\n<p>Ciudad de M\u00e9xico, a 30 de julio de 2024.- Desconocidos profanaron la capilla familiar de D\u00e1maso L\u00f3pez N\u00fa\u00f1ez, \u201cEl Licenciado\u201d, la cual fue destruida; adem\u00e1s se robaron los restos del padre y del hermano del exl\u00edder del Cartel de Sinaloa.<\/p>\n\n\n\n<p>Seg\u00fan medios locales, este saqueo fue durante la madrugada de este domingo, cuando un grupo de sujetos ingresaron a la capilla que se encuentra en el pante\u00f3n de Eldorado para robarse los restos de D\u00e1maso L\u00f3pez Garc\u00eda y Adolfo L\u00f3pez N\u00fa\u00f1ez, padre y hermano del narcortraficante.<\/p>\n\n\n\n<p>En un video difundido en redes sociales se observa la capilla, en el sur de Culiac\u00e1n, con los vidrios rotos, las puertas derrumbadas, las bancas destruidas y vac\u00edos los espacios donde se encontraban los cuerpos de los familiares de \u201cEl Licenciado\u201d. Mientras tanto, las autoridades no han dicho nada al respecto.<\/p>\n\n\n\n<p>En esta capilla tambi\u00e9n fue enterrado Luis Fernando Gaxiola, exs\u00edndico de Eldorado y cu\u00f1ado de D\u00e1maso L\u00f3pez, pero sus restos a\u00fan permanecen en el lugar.<\/p>\n\n\n\n<p>D\u00e1maso L\u00f3pez N\u00fa\u00f1ez fue subdirector del penal de m\u00e1xima seguridad de Puente Grande, en Jalisco, cuando Joaqu\u00edn \u201cEl Chapo\u201d Guzm\u00e1n estaba detenido. Presuntamente esta persona estableci\u00f3 una red de guardias de prisiones que ayudaron a organizar la fuga de narcotraficante en 2001. Despu\u00e9s de eso, \u201cEl Licenciado\u201d se uni\u00f3 al C\u00e1rtel de Sinaloa.<\/p>\n\n\n\n<p>En 2017, D\u00e1maso L\u00f3pez N\u00fa\u00f1ez fue capturado en la Ciudad de M\u00e9xico y era considerado sucesor de \u00abEl Chapo\u00bb, quien fue detenido por tercera ocasi\u00f3n un a\u00f1o antes.<\/p>\n\n\n\n<p>(Informaci\u00f3n de \u201cExpansi\u00f3n Pol\u00edtica\u201d)<\/p>\n","protected":false},"excerpt":{"rendered":"<p>Redacci\u00f3n\/Zona Roja Cdmx. Ciudad de M\u00e9xico, a 30 de julio de 2024.- Desconocidos profanaron la&hellip;<\/p>\n","protected":false},"author":2,"featured_media":70865,"comment_status":"closed","ping_status":"open","sticky":false,"template":"","format":"standard","meta":{"_lmt_disableupdate":"","_lmt_disable":"","_jetpack_memberships_contains_paid_content":false,"footnotes":""},"categories":[109,47],"tags":[],"class_list":["post-70864","post","type-post","status-publish","format-standard","has-post-thumbnail","hentry","category-minuto-a-minuto","category-zona-gris"],"jetpack_featured_media_url":"https:\/\/zonaroja.com.mx\/wp-content\/uploads\/2024\/07\/Tumba-el-licenciado.webp","jetpack_sharing_enabled":true,"_links":{"self":[{"href":"https:\/\/zonaroja.com.mx\/index.php?rest_route=\/wp\/v2\/posts\/70864","targetHints":{"allow":["GET"]}}],"collection":[{"href":"https:\/\/zonaroja.com.mx\/index.php?rest_route=\/wp\/v2\/posts"}],"about":[{"href":"https:\/\/zonaroja.com.mx\/index.php?rest_route=\/wp\/v2\/types\/post"}],"author":[{"embeddable":true,"href":"https:\/\/zonaroja.com.mx\/index.php?rest_route=\/wp\/v2\/users\/2"}],"replies":[{"embeddable":true,"href":"https:\/\/zonaroja.com.mx\/index.php?rest_route=%2Fwp%2Fv2%2Fcomments&post=70864"}],"version-history":[{"count":1,"href":"https:\/\/zonaroja.com.mx\/index.php?rest_route=\/wp\/v2\/posts\/70864\/revisions"}],"predecessor-version":[{"id":70866,"href":"https:\/\/zonaroja.com.mx\/index.php?rest_route=\/wp\/v2\/posts\/70864\/revisions\/70866"}],"wp:featuredmedia":[{"embeddable":true,"href":"https:\/\/zonaroja.com.mx\/index.php?rest_route=\/wp\/v2\/media\/70865"}],"wp:attachment":[{"href":"https:\/\/zonaroja.com.mx\/index.php?rest_route=%2Fwp%2Fv2%2Fmedia&parent=70864"}],"wp:term":[{"taxonomy":"category","embeddable":true,"href":"https:\/\/zonaroja.com.mx\/index.php?rest_route=%2Fwp%2Fv2%2Fcategories&post=70864"},{"taxonomy":"post_tag","embeddable":true,"href":"https:\/\/zonaroja.com.mx\/index.php?rest_route=%2Fwp%2Fv2%2Ftags&post=70864"}],"curies":[{"name":"wp","href":"https:\/\/api.w.org\/{rel}","templated":true}]}}