{"id":70867,"date":"2024-07-30T11:53:00","date_gmt":"2024-07-30T17:53:00","guid":{"rendered":"https:\/\/zonaroja.com.mx\/?p=70867"},"modified":"2024-07-30T07:54:53","modified_gmt":"2024-07-30T13:54:53","slug":"opinion-tierra-y-justicia","status":"publish","type":"post","link":"https:\/\/zonaroja.com.mx\/?p=70867","title":{"rendered":"Opini\u00f3n. Tierra y justicia"},"content":{"rendered":"\n<p>Isidoro Yescas*<\/p>\n\n\n\n<p>Hace&nbsp;poco menos de un a\u00f1o, poco despu\u00e9s de&nbsp;la primera incursi\u00f3n violenta a&nbsp;San Miguel El Grande, Tlaxiaco, presumiblemente por habitantes de Llano Guadalupe,&nbsp;el Gobierno del Estado, por conducto de la Secretar\u00eda de Gobierno, pareci\u00f3 encontrar un mecanismo institucional id\u00f3neo para prevenir y reducir los niveles de conflictividad y violencia agraria en la entidad mediante &nbsp;la creaci\u00f3n del Grupo de Inteligencia y Coordinaci\u00f3n Agraria para la Paz en Territorio, integrado por representantes de los sectores agrario, justicia y gobierno de los gobiernos estatal y federal.<\/p>\n\n\n\n<p>Poco se ha sabido desde&nbsp;entonces sobre&nbsp;lo que ha hecho dicho organismo, -creado con demasiada prisa- para pacificar a los pueblos, pero por la agresi\u00f3n que de nueva cuenta han sufrido los habitantes de San Miguel El Grande todo parece indicar que han podido&nbsp;mas&nbsp;los intereses caciquiles y de&nbsp;talamontes&nbsp;de la regi\u00f3n&nbsp;mixteca&nbsp;que las buenas intenciones y&nbsp;promesas de aplicar la ley de parte del gobierno&nbsp;jarista.<\/p>\n\n\n\n<p>Que en estos d\u00edas&nbsp;nuevamente desde el Palacio Primaveral&nbsp;muestren&nbsp;cara&nbsp;de preocupaci\u00f3n&nbsp;e inter\u00e9s&nbsp;por&nbsp;reencauzar legalmente&nbsp;un conflicto agrario-penal&nbsp;no garantiza que finalmente se castigue a los autores materiales e intelectuales de los homicidios derivados de la propia omisi\u00f3n&nbsp;y\/o complicidad&nbsp;oficial .&nbsp;<\/p>\n\n\n\n<p>En todo caso&nbsp;habr\u00eda que asumir que&nbsp;la&nbsp;reacci\u00f3n&nbsp;gubernamental para&nbsp;ahora s\u00ed ponerse las pilas y&nbsp;aplicar la ley es consecuencia &nbsp;de&nbsp;la intensa campa\u00f1a de denuncia medi\u00e1tica&nbsp;encabezada por la cineasta&nbsp;originaria &nbsp;de San Miguel El Grande, &nbsp;Angeles&nbsp;Cruz,&nbsp;y del coro de voces que se han alzado a nivel nacional para solidarizarse con la causa de su pueblo.<\/p>\n\n\n\n<p>Las cifras en cuanto al n\u00famero de conflictos agrarios que se tienen documentados en la entidad son muy altas&nbsp;(400&nbsp;se dec\u00eda en el pasado sexenio, hoy se afirma que suman 283),que en su mayor\u00eda se litigan en&nbsp;oficinas y&nbsp;tribunales agrarios.&nbsp;<\/p>\n\n\n\n<p>Sin embargo&nbsp;23&nbsp;de estos conflictos oficialmente se consideran&nbsp;como de alto riesgo, es decir que requieren atenci\u00f3n urgente.<\/p>\n\n\n\n<p>Y entre estos \u00faltimos&nbsp;aparece&nbsp;el &nbsp;conflicto&nbsp;entre San Miguel El Grande y Llano Guadalupe, del distrito de Tlaxiaco.&nbsp;<\/p>\n\n\n\n<p>No es, habr\u00eda que aclarar, un&nbsp;asunto &nbsp;propio&nbsp;del gobierno primaveral&nbsp;pues se trata de un problema&nbsp;de l\u00edmites&nbsp;que, como muchos otros casos, lleva d\u00e9cadas sin ser resuelto.&nbsp;Sin embargo, s\u00ed es responsabilidad del gobierno en turno&nbsp;que,&nbsp;&nbsp;ya por ineficacia o complicidad de alguno o algunos de sus funcionarios,&nbsp;un viejo conflicto agrario &nbsp;derivara en uno de car\u00e1cter penal que debe ser esclarecido y castigado.<\/p>\n\n\n\n<p>Pretender&nbsp;ocultar su gravedad y asumir que todo es producto de una campa\u00f1a&nbsp;negra &nbsp;con&nbsp;tufo futurista&nbsp;resulta de&nbsp;poca ayuda para un gobierno que se reclama de izquierda. Tampoco resulta&nbsp;\u00fatil la descalificaci\u00f3n&nbsp;sistem\u00e1tica&nbsp;de&nbsp;sus adversarios, que en ese papel se coloc\u00f3 a&nbsp;Angeles&nbsp;Cruz cuando fue agredida en el auditorio Guelaguetza y luego se le pretendi\u00f3 exhibir como una tonta&nbsp;\u00fatil.<\/p>\n\n\n\n<p>En fin, vale la pena que este y otros casos que vienen de&nbsp;atr\u00e1s&nbsp;y&nbsp;cuya soluci\u00f3n se sigue posponiendo&nbsp;(&nbsp;vgr. Chimalapas, la sangrienta disputa&nbsp;entre MULT, MULTI y UBISORT,&nbsp;etc) se tomen en serio y encuentren un canal de soluci\u00f3n institucional.<\/p>\n\n\n\n<p>Paz ,di\u00e1logo&nbsp;y cero simulaci\u00f3n se ofreci\u00f3 hace dos a\u00f1os, cuando el PRI sali\u00f3 del Palacio de Gobierno. Que no nos gane la noche para empezar a cumplir la palabra empe\u00f1ada. &nbsp;<\/p>\n\n\n\n<p>*Maestro en Sociolog\u00eda.<\/p>\n\n\n\n<p>X: @YescasIsidoro<\/p>\n","protected":false},"excerpt":{"rendered":"<p>Isidoro Yescas* Hace&nbsp;poco menos de un a\u00f1o, poco despu\u00e9s de&nbsp;la primera incursi\u00f3n violenta a&nbsp;San Miguel&hellip;<\/p>\n","protected":false},"author":2,"featured_media":70868,"comment_status":"closed","ping_status":"open","sticky":false,"template":"","format":"standard","meta":{"_lmt_disableupdate":"","_lmt_disable":"","_jetpack_memberships_contains_paid_content":false,"footnotes":""},"categories":[456,109],"tags":[3998],"class_list":["post-70867","post","type-post","status-publish","format-standard","has-post-thumbnail","hentry","category-columna","category-minuto-a-minuto","tag-isidoro-yescas-martinez"],"jetpack_featured_media_url":"https:\/\/zonaroja.com.mx\/wp-content\/uploads\/2024\/07\/Opinion-Zona-Critica.jpg","jetpack_sharing_enabled":true,"_links":{"self":[{"href":"https:\/\/zonaroja.com.mx\/index.php?rest_route=\/wp\/v2\/posts\/70867","targetHints":{"allow":["GET"]}}],"collection":[{"href":"https:\/\/zonaroja.com.mx\/index.php?rest_route=\/wp\/v2\/posts"}],"about":[{"href":"https:\/\/zonaroja.com.mx\/index.php?rest_route=\/wp\/v2\/types\/post"}],"author":[{"embeddable":true,"href":"https:\/\/zonaroja.com.mx\/index.php?rest_route=\/wp\/v2\/users\/2"}],"replies":[{"embeddable":true,"href":"https:\/\/zonaroja.com.mx\/index.php?rest_route=%2Fwp%2Fv2%2Fcomments&post=70867"}],"version-history":[{"count":1,"href":"https:\/\/zonaroja.com.mx\/index.php?rest_route=\/wp\/v2\/posts\/70867\/revisions"}],"predecessor-version":[{"id":70869,"href":"https:\/\/zonaroja.com.mx\/index.php?rest_route=\/wp\/v2\/posts\/70867\/revisions\/70869"}],"wp:featuredmedia":[{"embeddable":true,"href":"https:\/\/zonaroja.com.mx\/index.php?rest_route=\/wp\/v2\/media\/70868"}],"wp:attachment":[{"href":"https:\/\/zonaroja.com.mx\/index.php?rest_route=%2Fwp%2Fv2%2Fmedia&parent=70867"}],"wp:term":[{"taxonomy":"category","embeddable":true,"href":"https:\/\/zonaroja.com.mx\/index.php?rest_route=%2Fwp%2Fv2%2Fcategories&post=70867"},{"taxonomy":"post_tag","embeddable":true,"href":"https:\/\/zonaroja.com.mx\/index.php?rest_route=%2Fwp%2Fv2%2Ftags&post=70867"}],"curies":[{"name":"wp","href":"https:\/\/api.w.org\/{rel}","templated":true}]}}