{"id":70870,"date":"2024-07-30T08:06:48","date_gmt":"2024-07-30T14:06:48","guid":{"rendered":"https:\/\/zonaroja.com.mx\/?p=70870"},"modified":"2024-07-30T08:06:49","modified_gmt":"2024-07-30T14:06:49","slug":"inedito-guatemala-da-estatus-migratorio-a-207-desplazados-de-chiapas","status":"publish","type":"post","link":"https:\/\/zonaroja.com.mx\/?p=70870","title":{"rendered":"In\u00e9dito: Guatemala da estatus migratorio a 207 desplazados de Chiapas"},"content":{"rendered":"\n<p>Redacci\u00f3n\/Zona Roja Cdmx.<\/p>\n\n\n\n<p>Ciudad de M\u00e9xico, a 30 de julio de 2024.- El Instituto Nacional de Migraci\u00f3n de Guatemala anunci\u00f3 ayer que ha otorgado el estatus de permanencia por raz\u00f3n humanitaria a 207 mexicanos, la mayor\u00eda ni\u00f1as, ni\u00f1os y adolescentes que buscaron refugio en el pa\u00eds por temor a grupos del crimen organizado.<\/p>\n\n\n\n<p>En conferencia de prensa, Danilo Rivera, director de Migraci\u00f3n, dijo que la certificaci\u00f3n tiene duraci\u00f3n de 30 d\u00edas y posteriormente los desplazados podr\u00edan solicitar, si as\u00ed lo desean, otro estatus regular como refugio o asilo. Por lo menos 44 unidades familiares han sido reportadas.<\/p>\n\n\n\n<p>El funcionario expuso que varias organizaciones nacionales e internacionales est\u00e1n contribuyendo en el apoyo a los refugiados, con agua, v\u00edveres y otros elementos.<\/p>\n\n\n\n<p>A partir del 21 de julio cientos de habitantes de varias comunidades del municipio de Amatenango la Frontera, en Chiapas, al sur de M\u00e9xico, huyeron de ese pa\u00eds entre disparos por enfrentamientos entre los c\u00e1rteles de Sinaloa y el Jalisco Nueva Generaci\u00f3n.<\/p>\n\n\n\n<p>Una mujer de 42 a\u00f1os, que no quiso identificarse al temer por su vida, cont\u00f3 a Ap que sali\u00f3 de su pueblo junto con sus cuatro hijos. \u201cCon las balaceras no pod\u00eda dejar mi casa para buscar comida; imag\u00ednese qu\u00e9 le daba de comer a mis hijos peque\u00f1itos\u201d, relat\u00f3 la mujer al borde del llanto. \u201cNo sabemos cu\u00e1nto m\u00e1s va a tardar esto, no sabemos si vamos a regresar\u201d, explic\u00f3.<\/p>\n\n\n\n<p>Mujeres, ni\u00f1as, ni\u00f1os, hombres y ancianos buscaron refugio en la comunidad Ampliaci\u00f3n Nueva Reforma, municipio de Cuilco, en el departamento de Huehuetenango, al otro lado de la l\u00ednea fronteriza, ya en Guatemala. Muchos ten\u00edan familiares y otros se quedaron en la humilde escuela de la localidad.<\/p>\n\n\n\n<p>La poblaci\u00f3n les brind\u00f3 ayuda y maestros y autoridades de la aldea se organizaron para recolectar alimentos hasta que el jueves lleg\u00f3 la ayuda gubernamental. M\u00e1s de 100 efectivos del ej\u00e9rcito y la polic\u00eda custodian la comunidad y el \u00e1rea fronteriza.<\/p>\n\n\n\n<p>El c\u00e1rtel de Sinaloa y el de Jalisco Nueva Generaci\u00f3n, que mantienen cruenta disputa en muchos puntos de M\u00e9xico, llevan ya m\u00e1s de un a\u00f1o en pugna, sobre todo en la zona fronteriza con Guatemala, para el control de las rutas del tr\u00e1fico de migrantes, drogas y armas.<\/p>\n\n\n\n<p>(Informaci\u00f3n de la agencia AP en \u201cLa Jornada\u201d)<\/p>\n","protected":false},"excerpt":{"rendered":"<p>Redacci\u00f3n\/Zona Roja Cdmx. Ciudad de M\u00e9xico, a 30 de julio de 2024.- El Instituto Nacional&hellip;<\/p>\n","protected":false},"author":2,"featured_media":70871,"comment_status":"closed","ping_status":"open","sticky":false,"template":"","format":"standard","meta":{"_lmt_disableupdate":"","_lmt_disable":"","_jetpack_memberships_contains_paid_content":false,"footnotes":""},"categories":[109,47],"tags":[],"class_list":["post-70870","post","type-post","status-publish","format-standard","has-post-thumbnail","hentry","category-minuto-a-minuto","category-zona-gris"],"jetpack_featured_media_url":"https:\/\/zonaroja.com.mx\/wp-content\/uploads\/2024\/07\/Chiapas-migrantes-Guatemala.jpeg","jetpack_sharing_enabled":true,"_links":{"self":[{"href":"https:\/\/zonaroja.com.mx\/index.php?rest_route=\/wp\/v2\/posts\/70870","targetHints":{"allow":["GET"]}}],"collection":[{"href":"https:\/\/zonaroja.com.mx\/index.php?rest_route=\/wp\/v2\/posts"}],"about":[{"href":"https:\/\/zonaroja.com.mx\/index.php?rest_route=\/wp\/v2\/types\/post"}],"author":[{"embeddable":true,"href":"https:\/\/zonaroja.com.mx\/index.php?rest_route=\/wp\/v2\/users\/2"}],"replies":[{"embeddable":true,"href":"https:\/\/zonaroja.com.mx\/index.php?rest_route=%2Fwp%2Fv2%2Fcomments&post=70870"}],"version-history":[{"count":1,"href":"https:\/\/zonaroja.com.mx\/index.php?rest_route=\/wp\/v2\/posts\/70870\/revisions"}],"predecessor-version":[{"id":70872,"href":"https:\/\/zonaroja.com.mx\/index.php?rest_route=\/wp\/v2\/posts\/70870\/revisions\/70872"}],"wp:featuredmedia":[{"embeddable":true,"href":"https:\/\/zonaroja.com.mx\/index.php?rest_route=\/wp\/v2\/media\/70871"}],"wp:attachment":[{"href":"https:\/\/zonaroja.com.mx\/index.php?rest_route=%2Fwp%2Fv2%2Fmedia&parent=70870"}],"wp:term":[{"taxonomy":"category","embeddable":true,"href":"https:\/\/zonaroja.com.mx\/index.php?rest_route=%2Fwp%2Fv2%2Fcategories&post=70870"},{"taxonomy":"post_tag","embeddable":true,"href":"https:\/\/zonaroja.com.mx\/index.php?rest_route=%2Fwp%2Fv2%2Ftags&post=70870"}],"curies":[{"name":"wp","href":"https:\/\/api.w.org\/{rel}","templated":true}]}}