{"id":70883,"date":"2024-07-30T18:50:23","date_gmt":"2024-07-31T00:50:23","guid":{"rendered":"https:\/\/zonaroja.com.mx\/?p=70883"},"modified":"2024-07-30T18:50:25","modified_gmt":"2024-07-31T00:50:25","slug":"detienen-a-presunto-robacarros-en-la-capital-de-oaxaca-y-zona-metropolitana","status":"publish","type":"post","link":"https:\/\/zonaroja.com.mx\/?p=70883","title":{"rendered":"Detienen a presunto robacarros en la capital de Oaxaca y zona metropolitana"},"content":{"rendered":"\n<p>Redacci\u00f3n\/Zona Roja.<\/p>\n\n\n\n<p>Oaxaca de Ju\u00e1rez, Oax. 30 de julio de 2024.- Como resultado de las investigaciones ministeriales a cargo de la Fiscal\u00eda General del Estado de Oaxaca (FGEO) ejecut\u00f3 una orden de aprehensi\u00f3n por la cual se realiz\u00f3 la detenci\u00f3n de J. L. N. L., alias \u201cEL Zanate\u201d, por el delito de Robo de Veh\u00edculo, cometido en los Valles Centrales.<\/p>\n\n\n\n<p>Luego de realizar un despliegue policial en inmediaciones del tianguis de autos de Brenamiel, elementos de la Agencia Estatal de Investigaciones (AEI) dieron cumplimiento al mandato judicial que permiti\u00f3 la detenci\u00f3n de J. L. N. L., alias \u201cEL Zanate\u201d, quien fue puesto a disposici\u00f3n de la autoridad ministerial correspondiente.<\/p>\n\n\n\n<p>Adem\u00e1s, que las indagatorias en torno a la denuncia, que realiza la Fiscal\u00eda Especializada para la Atenci\u00f3n a Delitos de Alto Impacto, sugieren que el caso podr\u00eda estar relacionado con la desarticulaci\u00f3n de una banda dedicada al robo de veh\u00edculo, que operaba principalmente en la capital y zona metropolitana de Oaxaca, as\u00ed como otras comunidades de los Valles Centrales.<\/p>\n\n\n\n<p>Los hechos que se imputan, derivan de la denuncia realizada por la v\u00edctima, quien refiere que su veh\u00edculo fue robado cuando estaba estacionado afuera de su domicilio, el 15 de marzo de 2024, en calles de la colonia La Paz.&nbsp;<\/p>\n\n\n\n<p>La Fiscal\u00eda de Oaxaca cuenta con \u00e1reas especializadas que realizan trabajos efectivos para el combate al delito y la procuraci\u00f3n de justicia a favor de las v\u00edctimas.<\/p>\n\n\n\n<p>PROCESAN AL \u201cCHINCOYA\u201d<\/p>\n\n\n\n<p>Por otra parte, la Fiscal\u00eda General present\u00f3 ante el Juez que atiende la causa a E. C. U., alias \u201cEl Chincoya\u201d, por el delito contra la salud en su modalidad de narcomenudeo en la hip\u00f3tesis de posesi\u00f3n con fines de comercio o suministro, quien calific\u00f3 como legal la detenci\u00f3n adem\u00e1s que se hizo la solicitud para la Vinculaci\u00f3n a Proceso; esta persona es considerada un objetivo prioritario por su probable participaci\u00f3n en actividades delictivas en la regi\u00f3n del Istmo de Tehuantepec.<\/p>\n\n\n\n<p>En el desahogo de la audiencia inicial, el Juez de Control decret\u00f3 como legal la detenci\u00f3n de E. C. U., alias \u201cEl Chincoya\u201d, adem\u00e1s que se comunic\u00f3 la imputaci\u00f3n y se le impuso la medida cautela de prisi\u00f3n preventiva de manera provisional a espera de la resoluci\u00f3n luego de solicitar auto de vinculaci\u00f3n a proceso en contra del imputado.<\/p>\n\n\n\n<p>La tarde de este 26 de julio de 2024, elementos de la Agencia Estatal de Investigaciones (AEI), perteneciente a la FGEO, dieron seguimiento al veh\u00edculo en el que viajaba el detenido, al que dieron alcance cuando se detuvo en un hotel ubicado en el Boulevard Eduardo Vasconcelos.<\/p>\n\n\n\n<p>Al momento de su detenci\u00f3n, se logr\u00f3 el aseguramiento de dinero en efectivo, as\u00ed como diferentes dosis y cantidades de diversas drogas.<\/p>\n\n\n\n<p>Tras estas acciones derivadas de los trabajos de inteligencia criminal a cargo de la FGEO, E. C. U., alias \u201cEl Chincoya\u201d fue puesto a disposici\u00f3n de la autoridad ministerial correspondiente que realiza los trabajos que revelaron que el imputado podr\u00eda estar relacionado con actividades delictivas en la regi\u00f3n del Istmo de Tehuantepec, donde ser\u00eda considerado uno los principales generadores de violencia en dicha zona de Oaxaca.<\/p>\n","protected":false},"excerpt":{"rendered":"<p>Redacci\u00f3n\/Zona Roja. Oaxaca de Ju\u00e1rez, Oax. 30 de julio de 2024.- Como resultado de las&hellip;<\/p>\n","protected":false},"author":2,"featured_media":70884,"comment_status":"closed","ping_status":"open","sticky":false,"template":"","format":"standard","meta":{"_lmt_disableupdate":"","_lmt_disable":"","_jetpack_memberships_contains_paid_content":false,"footnotes":""},"categories":[109,47],"tags":[494],"class_list":["post-70883","post","type-post","status-publish","format-standard","has-post-thumbnail","hentry","category-minuto-a-minuto","category-zona-gris","tag-fiscalia-general-del-estado-de-oaxaca"],"jetpack_featured_media_url":"https:\/\/zonaroja.com.mx\/wp-content\/uploads\/2024\/07\/Zanate-detenido-robo-de-autos.jpg","jetpack_sharing_enabled":true,"_links":{"self":[{"href":"https:\/\/zonaroja.com.mx\/index.php?rest_route=\/wp\/v2\/posts\/70883","targetHints":{"allow":["GET"]}}],"collection":[{"href":"https:\/\/zonaroja.com.mx\/index.php?rest_route=\/wp\/v2\/posts"}],"about":[{"href":"https:\/\/zonaroja.com.mx\/index.php?rest_route=\/wp\/v2\/types\/post"}],"author":[{"embeddable":true,"href":"https:\/\/zonaroja.com.mx\/index.php?rest_route=\/wp\/v2\/users\/2"}],"replies":[{"embeddable":true,"href":"https:\/\/zonaroja.com.mx\/index.php?rest_route=%2Fwp%2Fv2%2Fcomments&post=70883"}],"version-history":[{"count":1,"href":"https:\/\/zonaroja.com.mx\/index.php?rest_route=\/wp\/v2\/posts\/70883\/revisions"}],"predecessor-version":[{"id":70885,"href":"https:\/\/zonaroja.com.mx\/index.php?rest_route=\/wp\/v2\/posts\/70883\/revisions\/70885"}],"wp:featuredmedia":[{"embeddable":true,"href":"https:\/\/zonaroja.com.mx\/index.php?rest_route=\/wp\/v2\/media\/70884"}],"wp:attachment":[{"href":"https:\/\/zonaroja.com.mx\/index.php?rest_route=%2Fwp%2Fv2%2Fmedia&parent=70883"}],"wp:term":[{"taxonomy":"category","embeddable":true,"href":"https:\/\/zonaroja.com.mx\/index.php?rest_route=%2Fwp%2Fv2%2Fcategories&post=70883"},{"taxonomy":"post_tag","embeddable":true,"href":"https:\/\/zonaroja.com.mx\/index.php?rest_route=%2Fwp%2Fv2%2Ftags&post=70883"}],"curies":[{"name":"wp","href":"https:\/\/api.w.org\/{rel}","templated":true}]}}