{"id":70886,"date":"2024-07-30T21:11:27","date_gmt":"2024-07-31T03:11:27","guid":{"rendered":"https:\/\/zonaroja.com.mx\/?p=70886"},"modified":"2024-07-30T21:11:37","modified_gmt":"2024-07-31T03:11:37","slug":"violencia-criminal-persigue-a-familia-de-defensor-comunitario-calcinado","status":"publish","type":"post","link":"https:\/\/zonaroja.com.mx\/?p=70886","title":{"rendered":"Violencia criminal persigue a familia de defensor comunitario calcinado"},"content":{"rendered":"\n<p>Ismael Garc\u00eda M.\/Zona Roja.<\/p>\n\n\n\n<p>Oaxaca de Ju\u00e1rez, Oax., a 30 de julio de 2024.- \u201cLa situaci\u00f3n (en Santiago Amoltepec) es muy preocupante por la gente armada que constantemente est\u00e1n pasando, vigilando, viendo qu\u00e9 movimientos hacemos; realmente no podemos salir como queramos, por el miedo que se tiene, por los rumores que se tienen acerca de terminar con la familia.<\/p>\n\n\n\n<p>\u201cTenemos varios videos de personas que han estado \u00fanicamente vigilando nuestros pasos, entonces realmente ocupamos la vigilancia las 24 horas del d\u00eda, es muy preocupante, da mucho miedo salir, ver personas que no conoce uno, que no son de ah\u00ed, armados; en las noches se escuchan disparos cerca del domicilio, es muy alarmante la situaci\u00f3n que se vive respecto a la familia\u201d.<\/p>\n\n\n\n<p>Son las palabras de Jos\u00e9 de Jes\u00fas Santos Gir\u00f3n, sobreviviente de la masacre y quien perdi\u00f3 a su padre \u2014el defensor comunitario Lorenzo Santos Torres\u2014, madre y hermana el pasado 18 de julio, cuando fueron calcinados en su veh\u00edculo, en la carretera federal 131 Oaxaca-Puerto Escandido, en jurisdicci\u00f3n de Ejutla.<\/p>\n\n\n\n<p>Esta ma\u00f1ana, junto con su t\u00edo S\u00f3simo Hern\u00e1ndez Torres y con el apoyo del Centro de Derechos Humanos y Asesor\u00eda a Pueblos Ind\u00edgenas, que encabeza Maurilio Santiago, ofrecieron una conferencia de prensa, para exigir justicia por el triple asesinato y para demandar protecci\u00f3n y seguridad.<\/p>\n\n\n\n<p>El joven es sobreviviente del asesinato a balazos y posterior calcinaci\u00f3n en la unidad de motor de su padre Lorenzo Santos; su madre Marcela Gir\u00f3n Castro y su hermana Mar\u00eda Guadalupe Santos Gir\u00f3n.<\/p>\n\n\n\n<p>S\u00f3simo Hern\u00e1ndez, hermano de Lorenzo, secund\u00f3 la preocupaci\u00f3n de la familia ante los graves riesgos que enfrentan:<\/p>\n\n\n\n<p>\u201cLo que est\u00e1 viviendo la familia que a\u00fan quedamos estamos preocupados, porque es una poblaci\u00f3n donde no hay tranquilidad, han matado a maestros como el a\u00f1o pasado, hace unos meses mataron al s\u00edndico, hay miedo, se le pide al Estado que intervenga, que est\u00e9 un establecimiento de la Guardia Nacional, de la Sedena.<\/p>\n\n\n\n<p>\u201cTenemos miedo, la familia, porque hay muchas amenazas. Que brinden seguridad a la poblaci\u00f3n, a la familia, la situaci\u00f3n tensa y no sabemos qu\u00e9 momento lo volvemos a manifestar; que el Estado haga algo, no vemos a nadie en la c\u00e1rcel de todos los cr\u00edmenes que se han cometido\u201d.<\/p>\n\n\n\n<p>El dirigente del Cedhapi, Maurilio Santiago, reproch\u00f3 la grave inseguridad que viven defensores de derechos humanos y periodistas; inform\u00f3 que como consejero, pedir\u00e1 al Mecanismo Nacional para Defensores de Derechos y Periodistas, que se incorpore a la familia de Lorenzo Santos.<\/p>\n\n\n\n<p>De la misma manera, solicitar\u00e1 a la Comisi\u00f3n Interamericana de Derechos Humanos que le otorgue a los sobrevivientes las medidas cautelares que en su momento tuvo Lorenzo Santos, desde el 2013, tras atentados y asesinato de un hijo, y que fue retirado en el 2022.<\/p>\n\n\n\n<p>\u201cAlzo mi voz para que cesen los asesinatos en contra de las y los defensores, la persecuci\u00f3n en contra de los periodistas que se ha dado en Oaxaca, tambi\u00e9n me manifiesto para que se investiguen todos los delitos cometidos, que no haya impunidad y que se cree tambi\u00e9n una fiscal\u00eda especializada en delitos cometidos contra las y los defensores\u201d, remarc\u00f3.<\/p>\n","protected":false},"excerpt":{"rendered":"<p>Ismael Garc\u00eda M.\/Zona Roja. Oaxaca de Ju\u00e1rez, Oax., a 30 de julio de 2024.- \u201cLa&hellip;<\/p>\n","protected":false},"author":2,"featured_media":70887,"comment_status":"closed","ping_status":"open","sticky":false,"template":"","format":"standard","meta":{"_lmt_disableupdate":"","_lmt_disable":"","_jetpack_memberships_contains_paid_content":false,"footnotes":""},"categories":[109,47],"tags":[4012,860],"class_list":["post-70886","post","type-post","status-publish","format-standard","has-post-thumbnail","hentry","category-minuto-a-minuto","category-zona-gris","tag-lorenzo-santos-torres","tag-santiago-amoltepec"],"jetpack_featured_media_url":"https:\/\/zonaroja.com.mx\/wp-content\/uploads\/2024\/07\/Familia-de-Lorenzo-Santos-y-Cedhapi.jpg","jetpack_sharing_enabled":true,"_links":{"self":[{"href":"https:\/\/zonaroja.com.mx\/index.php?rest_route=\/wp\/v2\/posts\/70886","targetHints":{"allow":["GET"]}}],"collection":[{"href":"https:\/\/zonaroja.com.mx\/index.php?rest_route=\/wp\/v2\/posts"}],"about":[{"href":"https:\/\/zonaroja.com.mx\/index.php?rest_route=\/wp\/v2\/types\/post"}],"author":[{"embeddable":true,"href":"https:\/\/zonaroja.com.mx\/index.php?rest_route=\/wp\/v2\/users\/2"}],"replies":[{"embeddable":true,"href":"https:\/\/zonaroja.com.mx\/index.php?rest_route=%2Fwp%2Fv2%2Fcomments&post=70886"}],"version-history":[{"count":1,"href":"https:\/\/zonaroja.com.mx\/index.php?rest_route=\/wp\/v2\/posts\/70886\/revisions"}],"predecessor-version":[{"id":70888,"href":"https:\/\/zonaroja.com.mx\/index.php?rest_route=\/wp\/v2\/posts\/70886\/revisions\/70888"}],"wp:featuredmedia":[{"embeddable":true,"href":"https:\/\/zonaroja.com.mx\/index.php?rest_route=\/wp\/v2\/media\/70887"}],"wp:attachment":[{"href":"https:\/\/zonaroja.com.mx\/index.php?rest_route=%2Fwp%2Fv2%2Fmedia&parent=70886"}],"wp:term":[{"taxonomy":"category","embeddable":true,"href":"https:\/\/zonaroja.com.mx\/index.php?rest_route=%2Fwp%2Fv2%2Fcategories&post=70886"},{"taxonomy":"post_tag","embeddable":true,"href":"https:\/\/zonaroja.com.mx\/index.php?rest_route=%2Fwp%2Fv2%2Ftags&post=70886"}],"curies":[{"name":"wp","href":"https:\/\/api.w.org\/{rel}","templated":true}]}}