{"id":7089,"date":"2019-12-29T07:39:20","date_gmt":"2019-12-29T13:39:20","guid":{"rendered":"http:\/\/www.zonaroja.com.mx\/?p=7089"},"modified":"2019-12-29T07:41:05","modified_gmt":"2019-12-29T13:41:05","slug":"otra-vez-gobierno-solo-responde-a-presiones-ahora-en-caso-de-incendio","status":"publish","type":"post","link":"https:\/\/zonaroja.com.mx\/?p=7089","title":{"rendered":"Otra vez, gobierno s\u00f3lo responde a presiones, ahora en caso de incendio"},"content":{"rendered":"\n<p>Redacci\u00f3n\/Zona Roja.<\/p>\n\n\n\n<p>Oaxaca de Ju\u00e1rez, Oax., 29 de diciembre\nde 2019.- De nueva cuenta, el Gobierno del Estado respondi\u00f3 a una contingencia\ns\u00f3lo a base de presiones medi\u00e1ticas y quejas de vecinos.<\/p>\n\n\n\n<p>Desde hace tres d\u00edas, se origin\u00f3 el\nincendio en un centro de concentraci\u00f3n de composta en el municipio de San\nSebasti\u00e1n Tutla, y que afectaba a ese y a al menos otros cuatro municipios,\nentre ellos Oaxaca de Ju\u00e1rez, Santa Luc\u00eda del Camino, Tlalixtac de Cabrera y\nSanta Cruz Amilpas.<\/p>\n\n\n\n<p>Sin embargo, ninguna autoridad local ni\nmucho menos la Secretar\u00eda del Medio Ambiente, Energ\u00edas y Desarrollo Sustentables,\natendieron la emergencia.<\/p>\n\n\n\n<p>El s\u00e1bado por la ma\u00f1ana en el noticiario\nde Radio ORO, que conduce Humberto Cruz Mat\u00edas, se intensificaron las quejas de\nla poblaci\u00f3n a trav\u00e9s de llamadas telef\u00f3nicas y no fue hasta entonces que\ncomenzaron a movilizarse diversas instituciones p\u00fablicas.<\/p>\n\n\n\n<p>Hasta la ma\u00f1ana de este domingo, el\nGobierno del Estado emiti\u00f3 un comunicado en que indic\u00f3 que \u201cLa unidad de\nrespuesta inmediata de la Coordinaci\u00f3n Estatal de Protecci\u00f3n Civil de Oaxaca\n(CEPCO) junto con personal de la Comisi\u00f3n Estatal Forestal (Coesfo), los Servicios\nde Agua Potable y Alcantarillado de Oaxaca (SAPAO) realizan acciones conjuntas\npara sofocar un incendio que se registr\u00f3 en un colector de composta ubicado en\nel municipio de San Sebasti\u00e1n Tutla.<\/p>\n\n\n\n<p>\u201cEstos trabajos son realizados en\ncoordinaci\u00f3n con las autoridades municipales de este mismo municipio, as\u00ed como\nde Santa Cruz Amilpas, ya que el humo gener\u00f3 una densa capa de humo (sic).<\/p>\n\n\n\n<p>Indic\u00f3 que en el sitio se localizaron\nresiduos s\u00f3lidos que fueron depositados clandestinamente, lo que provoc\u00f3 mayor\nespesor del humo que gener\u00f3 este incendio, por lo que para sofocarlo fue\nnecesaria maquinaria pesada que permitiera la remoci\u00f3n de esta materia, as\u00ed como\nuna mayor cantidad de agua.<\/p>\n\n\n\n<p>Supuestamente la Secretar\u00eda de Medio\nAmbiente, Energ\u00edas y Desarrollo Sustentable tuvo contacto el 26 de diciembre con\nlas autoridades de San Sebasti\u00e1n Tutla, quienes confirmaron que en el lugar se\nrealizan compostas, sin embargo, anteriormente fue utilizado como un tiradero\nclandestino por las y los vecinos.<\/p>\n\n\n\n<p>En tanto, los Servicios de Salud de\nOaxaca (SSO) se mantienen en alerta para recibir a la poblaci\u00f3n en caso de que\npresente alguna molestia por el humo.<\/p>\n","protected":false},"excerpt":{"rendered":"<p>Redacci\u00f3n\/Zona Roja. Oaxaca de Ju\u00e1rez, Oax., 29 de diciembre de 2019.- De nueva cuenta, el&hellip;<\/p>\n","protected":false},"author":2,"featured_media":7090,"comment_status":"closed","ping_status":"open","sticky":false,"template":"","format":"standard","meta":{"_lmt_disableupdate":"","_lmt_disable":"","_jetpack_memberships_contains_paid_content":false,"footnotes":""},"categories":[109,47],"tags":[1116],"class_list":["post-7089","post","type-post","status-publish","format-standard","has-post-thumbnail","hentry","category-minuto-a-minuto","category-zona-gris","tag-san-sebastian-tutla"],"jetpack_featured_media_url":"https:\/\/zonaroja.com.mx\/wp-content\/uploads\/2019\/12\/CEPCO-SEMAEDESO-4.jpeg","jetpack_sharing_enabled":true,"_links":{"self":[{"href":"https:\/\/zonaroja.com.mx\/index.php?rest_route=\/wp\/v2\/posts\/7089","targetHints":{"allow":["GET"]}}],"collection":[{"href":"https:\/\/zonaroja.com.mx\/index.php?rest_route=\/wp\/v2\/posts"}],"about":[{"href":"https:\/\/zonaroja.com.mx\/index.php?rest_route=\/wp\/v2\/types\/post"}],"author":[{"embeddable":true,"href":"https:\/\/zonaroja.com.mx\/index.php?rest_route=\/wp\/v2\/users\/2"}],"replies":[{"embeddable":true,"href":"https:\/\/zonaroja.com.mx\/index.php?rest_route=%2Fwp%2Fv2%2Fcomments&post=7089"}],"version-history":[{"count":1,"href":"https:\/\/zonaroja.com.mx\/index.php?rest_route=\/wp\/v2\/posts\/7089\/revisions"}],"predecessor-version":[{"id":7091,"href":"https:\/\/zonaroja.com.mx\/index.php?rest_route=\/wp\/v2\/posts\/7089\/revisions\/7091"}],"wp:featuredmedia":[{"embeddable":true,"href":"https:\/\/zonaroja.com.mx\/index.php?rest_route=\/wp\/v2\/media\/7090"}],"wp:attachment":[{"href":"https:\/\/zonaroja.com.mx\/index.php?rest_route=%2Fwp%2Fv2%2Fmedia&parent=7089"}],"wp:term":[{"taxonomy":"category","embeddable":true,"href":"https:\/\/zonaroja.com.mx\/index.php?rest_route=%2Fwp%2Fv2%2Fcategories&post=7089"},{"taxonomy":"post_tag","embeddable":true,"href":"https:\/\/zonaroja.com.mx\/index.php?rest_route=%2Fwp%2Fv2%2Ftags&post=7089"}],"curies":[{"name":"wp","href":"https:\/\/api.w.org\/{rel}","templated":true}]}}