{"id":70912,"date":"2024-07-31T12:30:00","date_gmt":"2024-07-31T18:30:00","guid":{"rendered":"https:\/\/zonaroja.com.mx\/?p=70912"},"modified":"2024-07-31T08:14:32","modified_gmt":"2024-07-31T14:14:32","slug":"asesinan-a-dirigente-de-resistencia-palestina-en-hamas","status":"publish","type":"post","link":"https:\/\/zonaroja.com.mx\/?p=70912","title":{"rendered":"Asesinan a dirigente de resistencia palestina en Hamas"},"content":{"rendered":"\n<p>Redacci\u00f3n\/Zona Roja Cdmx.<\/p>\n\n\n\n<p>Ciudad de M\u00e9xico, a 31 de julio de 2024.- Ismail Haniyeh, l\u00edder del movimiento de resistencia palestino Hamas, muri\u00f3 en un atentado en la capital iran\u00ed, Teher\u00e1n, inform\u00f3 Press TV.<\/p>\n\n\n\n<p>El Cuerpo de la Guardia Revolucionaria Isl\u00e1mica (CGRI) anunci\u00f3 el mi\u00e9rcoles por la ma\u00f1ana que Haniyeh y uno de sus guardaespaldas murieron al ser atacada su residencia en Teher\u00e1n.<\/p>\n\n\n\n<p>Seg\u00fan el comunicado, el atentado est\u00e1 siendo investigado y los resultados se dar\u00e1n a conocer a lo largo del d\u00eda.<\/p>\n\n\n\n<p>El l\u00edder de la resistencia palestina se encontraba en Teher\u00e1n para asistir a la ceremonia de investidura del presidente electo iran\u00ed, Masoud Pezeshkian.<\/p>\n\n\n\n<p>\u201cThe Jerusalem Post\u201d confirm\u00f3 este mi\u00e9rcoles la muerte de Haniyeh, inform\u00f3 al medio el grupo islamista Hamas.<\/p>\n\n\n\n<p>\u201cCon las condolencias a la heroica naci\u00f3n de Palestina y la naci\u00f3n isl\u00e1mica y los combatientes del Frente de Resistencia y la noble naci\u00f3n de Ir\u00e1n, esta ma\u00f1ana (mi\u00e9rcoles) la residencia del Doctor Ismail Haniyeh, el jefe de la oficina pol\u00edtica de la Resistencia Isl\u00e1mica de Hamas, fue golpeada en Teher\u00e1n, y tras este incidente, \u00e9l y uno de sus guardaespaldas fueron martirizados\u201d, dijo la declaraci\u00f3n del Cuerpo de la Guardia Revolucionaria Isl\u00e1mica de Ir\u00e1n.<\/p>\n\n\n\n<p>(Informaci\u00f3n de \u201cLa Jornada\u201d)<\/p>\n","protected":false},"excerpt":{"rendered":"<p>Redacci\u00f3n\/Zona Roja Cdmx. Ciudad de M\u00e9xico, a 31 de julio de 2024.- Ismail Haniyeh, l\u00edder&hellip;<\/p>\n","protected":false},"author":2,"featured_media":70913,"comment_status":"closed","ping_status":"open","sticky":false,"template":"","format":"standard","meta":{"_lmt_disableupdate":"","_lmt_disable":"","_jetpack_memberships_contains_paid_content":false,"footnotes":""},"categories":[109,47],"tags":[2668],"class_list":["post-70912","post","type-post","status-publish","format-standard","has-post-thumbnail","hentry","category-minuto-a-minuto","category-zona-gris","tag-conflicto-gaza-israel"],"jetpack_featured_media_url":"https:\/\/zonaroja.com.mx\/wp-content\/uploads\/2024\/07\/Ismail-Aniyeh.jpeg","jetpack_sharing_enabled":true,"_links":{"self":[{"href":"https:\/\/zonaroja.com.mx\/index.php?rest_route=\/wp\/v2\/posts\/70912","targetHints":{"allow":["GET"]}}],"collection":[{"href":"https:\/\/zonaroja.com.mx\/index.php?rest_route=\/wp\/v2\/posts"}],"about":[{"href":"https:\/\/zonaroja.com.mx\/index.php?rest_route=\/wp\/v2\/types\/post"}],"author":[{"embeddable":true,"href":"https:\/\/zonaroja.com.mx\/index.php?rest_route=\/wp\/v2\/users\/2"}],"replies":[{"embeddable":true,"href":"https:\/\/zonaroja.com.mx\/index.php?rest_route=%2Fwp%2Fv2%2Fcomments&post=70912"}],"version-history":[{"count":1,"href":"https:\/\/zonaroja.com.mx\/index.php?rest_route=\/wp\/v2\/posts\/70912\/revisions"}],"predecessor-version":[{"id":70914,"href":"https:\/\/zonaroja.com.mx\/index.php?rest_route=\/wp\/v2\/posts\/70912\/revisions\/70914"}],"wp:featuredmedia":[{"embeddable":true,"href":"https:\/\/zonaroja.com.mx\/index.php?rest_route=\/wp\/v2\/media\/70913"}],"wp:attachment":[{"href":"https:\/\/zonaroja.com.mx\/index.php?rest_route=%2Fwp%2Fv2%2Fmedia&parent=70912"}],"wp:term":[{"taxonomy":"category","embeddable":true,"href":"https:\/\/zonaroja.com.mx\/index.php?rest_route=%2Fwp%2Fv2%2Fcategories&post=70912"},{"taxonomy":"post_tag","embeddable":true,"href":"https:\/\/zonaroja.com.mx\/index.php?rest_route=%2Fwp%2Fv2%2Ftags&post=70912"}],"curies":[{"name":"wp","href":"https:\/\/api.w.org\/{rel}","templated":true}]}}