{"id":70921,"date":"2024-07-31T19:03:31","date_gmt":"2024-08-01T01:03:31","guid":{"rendered":"https:\/\/zonaroja.com.mx\/?p=70921"},"modified":"2024-07-31T19:03:32","modified_gmt":"2024-08-01T01:03:32","slug":"dos-semanas-despues-ddhpo-solicita-medidas-para-familia-de-defensor-masacrado","status":"publish","type":"post","link":"https:\/\/zonaroja.com.mx\/?p=70921","title":{"rendered":"Dos semanas despu\u00e9s, DDHPO solicita medidas para familia de defensor masacrado"},"content":{"rendered":"\n<p>Ismael Garc\u00eda M.\/Zona Roja.<\/p>\n\n\n\n<p>Oaxaca de Ju\u00e1rez, Oax., a 31 de julio de 2024.- Dos semanas despu\u00e9s del triple homicidio, cuyos cuerpos fueron calcinados, la Defensor\u00eda de los Derechos Humanos del Pueblo de Oaxaca (DDHPO) solicit\u00f3 medidas cautelares para los familiares del defensor comunitario Lorenzo Santos Torres.<\/p>\n\n\n\n<p>Tanto Lorenzo como su esposa Marcela G. C. y su hija Mar\u00eda Guadalupe S. G., fueron asesinados a balazos el mi\u00e9rcoles 17 de julio en la carretera federal 131, jurisdicci\u00f3n de San Andr\u00e9s Zabache, y calcinados en el interior de su veh\u00edculo.<\/p>\n\n\n\n<p>Tras ello, la Fiscal\u00eda General del Estado de Oaxaca inici\u00f3 de inmediato las indagatorias correspondientes con la finalidad de esclarecer los hechos y dar con los responsables.<\/p>\n\n\n\n<p>Apenas este mi\u00e9rcoles, la DDHPO, a cargo de Elizabeth Lara Rodr\u00edguez, dio a conocer en un breve comunicado que \u201cha realizado la solicitud de la Medida Cautelar 18\/2024 en favor de sus familiares, debido a que se encuentran en riesgo latente tras el ataque perpetuado al defensor L.ST., y por posibles represalias ante las actividades que realizan\u201d.<\/p>\n\n\n\n<p>Requiri\u00f3 a la Fiscal\u00eda General \u201ciniciar con la investigaci\u00f3n que esclarezca el homicidio del defensor y sus familiares; asimismo, se solicit\u00f3 a la Secretar\u00eda de Seguridad y Protecci\u00f3n Ciudadana implemente las acciones y estrategias necesarias para garantizar la seguridad y dem\u00e1s derechos humanos en favor de los familiares del defensor\u201d.<\/p>\n\n\n\n<p>Apenas ayer, en conferencia de prensa, los familiares de Lorenzo Santos \u2014su hermano y su hijo\u2014, con el acompa\u00f1amiento y asesor\u00eda de Maurilio Santiago, del Centro de Derechos Humanos y Asesor\u00eda a Pueblos Ind\u00edgenas (Cedhapi), dijo que requiri\u00f3 a la DDHPO la emisi\u00f3n de medidas cautelares.<\/p>\n\n\n\n<p>Asimismo, que ayer se reuni\u00f3 con el fiscal Bernardo Rodr\u00edguez Alamilla para conocer los avances en las indagatorias; mientras que los familiares expresaron el grave peligro en que se encuentran tras el triple homicidio.<\/p>\n","protected":false},"excerpt":{"rendered":"<p>Ismael Garc\u00eda M.\/Zona Roja. Oaxaca de Ju\u00e1rez, Oax., a 31 de julio de 2024.- Dos&hellip;<\/p>\n","protected":false},"author":2,"featured_media":70512,"comment_status":"closed","ping_status":"open","sticky":false,"template":"","format":"standard","meta":{"_lmt_disableupdate":"","_lmt_disable":"","_jetpack_memberships_contains_paid_content":false,"footnotes":""},"categories":[109,47],"tags":[4012],"class_list":["post-70921","post","type-post","status-publish","format-standard","has-post-thumbnail","hentry","category-minuto-a-minuto","category-zona-gris","tag-lorenzo-santos-torres"],"jetpack_featured_media_url":"https:\/\/zonaroja.com.mx\/wp-content\/uploads\/2024\/07\/Asesinados-calcinados-de-Amoltepec.jpeg","jetpack_sharing_enabled":true,"_links":{"self":[{"href":"https:\/\/zonaroja.com.mx\/index.php?rest_route=\/wp\/v2\/posts\/70921","targetHints":{"allow":["GET"]}}],"collection":[{"href":"https:\/\/zonaroja.com.mx\/index.php?rest_route=\/wp\/v2\/posts"}],"about":[{"href":"https:\/\/zonaroja.com.mx\/index.php?rest_route=\/wp\/v2\/types\/post"}],"author":[{"embeddable":true,"href":"https:\/\/zonaroja.com.mx\/index.php?rest_route=\/wp\/v2\/users\/2"}],"replies":[{"embeddable":true,"href":"https:\/\/zonaroja.com.mx\/index.php?rest_route=%2Fwp%2Fv2%2Fcomments&post=70921"}],"version-history":[{"count":1,"href":"https:\/\/zonaroja.com.mx\/index.php?rest_route=\/wp\/v2\/posts\/70921\/revisions"}],"predecessor-version":[{"id":70922,"href":"https:\/\/zonaroja.com.mx\/index.php?rest_route=\/wp\/v2\/posts\/70921\/revisions\/70922"}],"wp:featuredmedia":[{"embeddable":true,"href":"https:\/\/zonaroja.com.mx\/index.php?rest_route=\/wp\/v2\/media\/70512"}],"wp:attachment":[{"href":"https:\/\/zonaroja.com.mx\/index.php?rest_route=%2Fwp%2Fv2%2Fmedia&parent=70921"}],"wp:term":[{"taxonomy":"category","embeddable":true,"href":"https:\/\/zonaroja.com.mx\/index.php?rest_route=%2Fwp%2Fv2%2Fcategories&post=70921"},{"taxonomy":"post_tag","embeddable":true,"href":"https:\/\/zonaroja.com.mx\/index.php?rest_route=%2Fwp%2Fv2%2Ftags&post=70921"}],"curies":[{"name":"wp","href":"https:\/\/api.w.org\/{rel}","templated":true}]}}