{"id":70923,"date":"2024-07-31T20:23:58","date_gmt":"2024-08-01T02:23:58","guid":{"rendered":"https:\/\/zonaroja.com.mx\/?p=70923"},"modified":"2024-07-31T20:24:00","modified_gmt":"2024-08-01T02:24:00","slug":"opinion-ana-hassel-no-fue-suicidio","status":"publish","type":"post","link":"https:\/\/zonaroja.com.mx\/?p=70923","title":{"rendered":"Opini\u00f3n. Ana Hassel; no fue suicidio"},"content":{"rendered":"\n<p>\u00abLos hombres tienen miedo a la mujer sin miedo\u201d. Eduardo Galeano<\/p>\n\n\n\n<p>&nbsp;Ver\u00f3nica Villalvazo (Frida Guerrera)<\/p>\n\n\n\n<p>Ana Hassel S\u00e1nchez Castro naci\u00f3 en la Ciudad de M\u00e9xico, el 6 de diciembre de 1987, hija de Hassel Margarita del Carmen Castro Garc\u00eda y Marco Aurelio S\u00e1nchez&nbsp;Rizo, una pareja que hoy tienen claro, \u00fanicamente se casaron para ser el conducto y Ana Hassel, llegar\u00e1 a hacer brillar a este mundo. &nbsp;\u201cPes\u00f3&nbsp;2.5 kilos, midi\u00f3 53 cent\u00edmetros, una ni\u00f1a saludable, amada\u201d. \u201cParec\u00eda Blanca Nieves, muy blanca y sus labios y mejillas siempre se ve\u00edan rojizos\u201d Recuerda emocionada Margarita.<\/p>\n\n\n\n<p>Ana es descrita por su familia como una mujer siempre feliz, extrovertida, amorosa, \u201cun alma libre\u201d comenta Fernando, su hermano menor. A pesar de que Marco y Margarita se divorciaron cuando Ana era peque\u00f1a, la relaci\u00f3n a jalones y estirones se mantuvo&nbsp;solamente como padres.&nbsp;<\/p>\n\n\n\n<p>Marco se uni\u00f3 hace m\u00e1s de 20 a\u00f1os a Sandra, quien tambi\u00e9n aprendi\u00f3 a amar y c\u00f3mo no, tambi\u00e9n orientar a Anita. Qui\u00e9n siempre estaba inquieta,&nbsp;buscando qu\u00e9 hacer, c\u00f3mo innovar o aprender algo que la llevara&nbsp;a concretar sus sue\u00f1os. Marco, su pap\u00e1, la recuerda &nbsp;deseosa de saber, \u201ctodo el tiempo preguntaba qu\u00e9&nbsp;era esto o aquello, todo quer\u00eda aprender\u201d.<\/p>\n\n\n\n<p>A los 15 a\u00f1os, esta alma libre, fue diagnosticada con Trastorno L\u00edmite de la Personalidad, \u201cella ve\u00eda las cosas diferentes a todos nosotros, por eso para algunas personas era dif\u00edcil de tratar\u201d recuerda Margarita.<\/p>\n\n\n\n<p>Fue tratada y medicada&nbsp;por especialistas, por lo que en medio de todo ello era un&nbsp;ser&nbsp;funcional tratando de salir adelante.&nbsp;<\/p>\n\n\n\n<p>Cuando conoci\u00f3 a Paul, entre noviembre y diciembre de 2016, a los tres meses se fue a vivir con \u00e9l, cre\u00eda haber encontrado al amor de su vida. El 20 de agosto de 2017, naci\u00f3 el peque\u00f1o hijo de Ana y Paul, prematuro, y quien present\u00f3 problemas para respirar, estuvo internado un mes y el peque\u00f1o sali\u00f3 adelante.<\/p>\n\n\n\n<p>Desde ese momento Ana se volc\u00f3 en atenci\u00f3n para su peque\u00f1o, lo llevaba a estimulaci\u00f3n temprana, a sus citas m\u00e9dicas, a terapia, todo lo que el peque\u00f1o necesitara, su mam\u00e1 viv\u00eda para protegerlo, cuidarlo, amarlo.&nbsp;<\/p>\n\n\n\n<p>A Margarita desde que conoci\u00f3 al que era la pareja de Anita, no le gust\u00f3, le parec\u00eda un hombre falso, violento, \u00e9l tampoco ten\u00eda buena relaci\u00f3n con la madre de Anita,&nbsp;por lo&nbsp;que,&nbsp;como buen narcisista,&nbsp;alej\u00f3 a Margarita de Ana, sin embargo, aunque no la ve\u00eda mucho, si&nbsp;manten\u00edan comunicaci\u00f3n v\u00eda WhatsApp.&nbsp;<\/p>\n\n\n\n<p>\u201cEllos&nbsp;constantemente ten\u00edan discusiones, d\u00f3nde Paul siempre le dec\u00eda que estaba loca, que era una hist\u00e9rica, aunque Ana, tratara&nbsp;de arreglar las cosas, siempre era descalificada por \u00e9l\u201d, acusa Margarita.&nbsp;<\/p>\n\n\n\n<p>Marco y Sandra, tambi\u00e9n fueron testigos de innumerables peleas, que casi siempre eran presenciadas por el peque\u00f1o, situaci\u00f3n que preocupaba de sobre manera a la pareja, por lo que el peque\u00f1o era rescatado de dichas discusiones,&nbsp;cada&nbsp;ocho&nbsp;d\u00edas visitaba a su abuelo y a Sandi.&nbsp;<\/p>\n\n\n\n<p>El 14 de julio de 2024, Sandra recibi\u00f3 una llamada, aproximadamente a las 14 horas con 30 minutos, de la madre de Paul, quien viv\u00eda con la joven pareja. \u201cSandra, Ana se suicid\u00f3\u201d,&nbsp;la mujer, sorprendida, empez\u00f3 a cuestionarla,&nbsp;la suegra&nbsp;de&nbsp;Anita&nbsp;le pidi\u00f3 acudieran al domicilio en Atizap\u00e1n de Zaragoza, Estado de M\u00e9xico.&nbsp;<\/p>\n\n\n\n<p>\u201cEn ese momento el peque\u00f1o y mi nietecito estaban con nosotros, no pude decirle a su pap\u00e1, porque ten\u00eda que manejar y ah\u00ed estaban los ni\u00f1os, le indiqu\u00e9 que llev\u00e1ramos a los ni\u00f1os con mi hijo mayor y que nos dirigi\u00e9ramos a casa de su hija, porque hab\u00edan peleado otra vez\u201d.&nbsp;<\/p>\n\n\n\n<p>A Margarita le llam\u00f3 Paul, aproximadamente a las 16 horas, con 15 minutos de la tarde, para informarle lo mismo, \u201cque mi hija se suicid\u00f3, me lo dijo fr\u00edo, cortante, en ning\u00fan momento lo escuch\u00e9 mal, de inmediato me colg\u00f3\u201d.<\/p>\n\n\n\n<p>Esta historia para quien escribe es un poco m\u00e1s dif\u00edcil, Hassel Margarita es una de las seguidoras de nuestra labor, en cada una de las marchas del 3 de noviembre (D\u00eda de muertas), ha acompa\u00f1ado a las familias de las Voces de la Ausencia. Justo redactaba la historia de Mar\u00eda del Carmen, cuando a las 16 horas, con 25 minutos, recibo la llamada de Margarita. \u201cFrida, mi hija\u201d, escuch\u00e9 del otro lado de la l\u00ednea, al escucharla tan alterada trat\u00e9 de tranquilizarle un poco para qu\u00e9 me explicara&nbsp;qu\u00e9 pasaba. \u201cFrida, me acaba de llamar su pareja, para decirme que se suicid\u00f3, pero no, ella no pudo hacerlo\u201d.&nbsp;Me lo dijo claramente y convencida de que su hija no dejar\u00eda en el desamparo a su peque\u00f1o.&nbsp;<\/p>\n\n\n\n<p>Luego de pedirle los datos del lugar, me comuniqu\u00e9 de inmediato con la maestra Dilcya Samantha Garc\u00eda Espinoza de los Monteros, Fiscal Central de G\u00e9nero del Estado de M\u00e9xico,&nbsp;y,&nbsp;con el Doctor Erik Sol\u00eds Salgado, Fiscal Especial de Feminicidios de la Fiscal\u00eda General de Justicia de la entidad. Quienes de inmediato respondieron y enviaron personal de la Instituci\u00f3n al lugar. Nos trasladamos hac\u00eda la Fiscal\u00eda como lo hacemos siempre que las familias solicitan nuestro acompa\u00f1amiento; sin embargo, Margarita me hace saber que ya estaba en casa de su hija y que a\u00fan no levantaban su cuerpo, por lo que aproximadamente a las 19 horas con treinta minutos llegamos al domicilio de Ana Hassel y Paul.&nbsp;Marco, Sandra y Margarita, ya estaban ah\u00ed: no pod\u00edan pasar porque obviamente se estaba haciendo el levantamiento del cuerpo, as\u00ed como de los indicios que se encontraron. La versi\u00f3n de Paul.&nbsp;\u201cLlegamos del antro, como a las seis de la ma\u00f1ana, ella quer\u00eda pelear, yo la ignor\u00e9, y solo escuch\u00e9 que se meti\u00f3 a la ba\u00f1era, me qued\u00e9 dormido, a las 13 horas me despert\u00f3 el sonido del agua, fui al ba\u00f1o y ah\u00ed estaba en la ba\u00f1era, ya muerta\u201d.<\/p>\n\n\n\n<p>Fueron momentos muy dolorosos para los padres de Ana Hassel, escuchar todo lo que ah\u00ed se dec\u00eda, que Ana \u201cestaba loca\u201d, \u201cque tomaba pastillas como&nbsp;chocolates\u201d, \u201cque era borracha\u201d y un sinf\u00edn de comentarios, los vecinos del lujoso fraccionamiento estaban consternados por el evento, donde la versi\u00f3n del \u201csuicidio\u201d ya la conoc\u00edan todos.&nbsp;<\/p>\n\n\n\n<p>Al llegar a la Fiscal\u00eda, iniciaron los testimonios; solicitamos la intervenci\u00f3n de la asesor\u00eda jur\u00eddica de la Comisi\u00f3n de Atenci\u00f3n a V\u00edctimas del Estado, quienes acudieron a asistir a la familia.&nbsp;Lo \u00fanico que nosotros le expres\u00e1bamos a los padres y hermano de Ana, era que esperaran el resultado de la necropsia que ser\u00eda la que determinar\u00eda y sacar\u00eda la verdad. Pasamos largas horas en medio de los testimonios y escuchando la versi\u00f3n de Paul, quien&nbsp;adem\u00e1s&nbsp;le hac\u00eda&nbsp;saber a los padres; \u201cque la iba a cremar, que la velar\u00eda en una de las mejores funerarias del pa\u00eds porque ella merec\u00eda lo mejor\u201d.&nbsp;<\/p>\n\n\n\n<p>Nos retiramos del lugar a las tres de la ma\u00f1ana m\u00e1s o menos, porque ten\u00edamos que regresar a las diez de la ma\u00f1ana ya del 15 de julio,&nbsp;para el reconocimiento y entrega del cuerpo. Al llegar a la Instituci\u00f3n nos hicieron saber luego de un par de horas que la necropsia ya hab\u00eda salido. La causa de muerte.&nbsp;Asfixia por estrangulamiento.&nbsp;<\/p>\n\n\n\n<p>Paul,&nbsp;fue detenido y vinculado a proceso por ser el presunto feminicida de Ana Hassel, quien todo se\u00f1ala no, no se suicid\u00f3, los abogados y un amigo del sujeto acudieron agresivos a la Fiscal\u00eda, amedrentando a la Ministerio P\u00fablico que se encontraba de guardia, a los polic\u00edas de investigaci\u00f3n y a la familia.<\/p>\n\n\n\n<p>Como siempre les hacemos saber, nosotros solo somos la extensi\u00f3n de las Voces de la Ausencia, el grito de los padres de Ana Hassel, que son los \u00fanicos que pueden hablar y exigir justicia para ella, y el peque\u00f1o que ahora qued\u00f3 en la orfandad. Aqu\u00ed las cartas dirigidas a su hija.<\/p>\n\n\n\n<p>Hola,&nbsp;mi adorada hija Ana Hassel S\u00e1nchez Castro (mi sirenita)&nbsp;<\/p>\n\n\n\n<p>No s\u00e9,&nbsp;c\u00f3mo empezar a escribir esta carta, han sido los d\u00edas m\u00e1s dif\u00edciles y dolorosos de mi vida desde que te arrebataron la vida de esa manera, tan&nbsp;ruin,&nbsp;que,&nbsp;todav\u00eda me cuesta y me costar\u00e1 toda mi vida, recuperarme de tu partida, mi alma y mi coraz\u00f3n est\u00e1n desechos.&nbsp;<\/p>\n\n\n\n<p>Recuerdo que ese primer d\u00eda 6 de diciembre de 1987,&nbsp;que llegaste a mi vida, desde que estabas en mi panza; ya te amaba y te esperaba con amor y alegr\u00eda, solo esperaba ese gran d\u00eda para conocerte y estrecharte en mis brazos,&nbsp;y,&nbsp;darte muchos besos, llenaste las vidas de todos tus seres queridos,&nbsp;de tu bisabuela, abuelas y dem\u00e1s familiares de alegr\u00eda.<\/p>\n\n\n\n<p>Para mi&nbsp;fuiste la beb\u00e9 m\u00e1s linda y bella cuando te mire.&nbsp;&nbsp;<\/p>\n\n\n\n<p>Tu piel de durazno con esas mejillas rosadas y tu boquita roja y esos ojitos tan grandes que cuando fuiste creciendo eran muy expresivos, mu\u00f1equita linda, naciste pesando 2&nbsp;kilos 500&nbsp;gramos, mediste 53 cent\u00edmetros.&nbsp;Y tuviste un Apgar de 8.8,9 una ni\u00f1a sana.<\/p>\n\n\n\n<p>Tu abuela Norma,&nbsp;se puso tan alegre al saber que ya hab\u00edas nacido&nbsp;que,&nbsp;junto con tu pap\u00e1,&nbsp;fueron a comprar chocolates y unos aretes. Mi mam\u00e1 en toda la sala de urgencias regalando chocolates y gritaba de felicidad que hab\u00eda nacido su primera nieta.<\/p>\n\n\n\n<p>Al otro d\u00eda nos fuimos de alta, ambas llegamos a la casa de tu bisabuela&nbsp;Maguitos,&nbsp;para&nbsp;que te conociera, ella estaba muy feliz,&nbsp;al igual que las familias de ambas partes.&nbsp;Siempre fuiste una ni\u00f1a bienvenida y bien amada.&nbsp;Sobre todo, por m\u00ed que te cuidaba, creo con exageraci\u00f3n por ser mam\u00e1 primeriza y no quer\u00eda que te pasara&nbsp;nada a lo largo de tu vida.<\/p>\n\n\n\n<p>Siempre fuiste mi fuerza, mi luz, mi compa\u00f1era de vida, nos divertimos mucho en todas esas etapas de ni\u00f1a hasta ser una adulta. &nbsp;Y pues tambi\u00e9n hubo diferencias&nbsp;como cualquier madre e hija, pero siempre&nbsp;am\u00e1ndote, cuidando&nbsp;tus emociones, tus tristezas, alegr\u00edas, vigilando que llegaras a tus metas deseadas.<\/p>\n\n\n\n<p>Extra\u00f1o en estos momentos esa m\u00fasica que llevabas por dentro, tu simpat\u00eda y carisma, siempre una excelente amiga, compa\u00f1era, hija, hermana.<\/p>\n\n\n\n<p>Recuerdo que te encantaba ir a la guarder\u00eda y al curso de verano, ir a la feria de Chapultepec, entrar a la casa de los espantos;&nbsp;c\u00f3mo nos divertimos cuando sal\u00edamos de vacaciones,&nbsp;tu abuela, hermano y yo,&nbsp;pas\u00e1bamos esos d\u00edas divertidos, llenos de vivencias,&nbsp;y experiencias extraordinarias &nbsp;<\/p>\n\n\n\n<p>Cuando nos hac\u00edas meditar en el mar,&nbsp;sal\u00edamos llenos de paz y tranquilidad.<\/p>\n\n\n\n<p>C\u00f3mo me acuerdo de tu primer d\u00eda de k\u00ednder, primaria y secundaria, preparatoria, traviesa, eras una alumna promedio inteligente.<\/p>\n\n\n\n<p>Tu fiesta de tu personaje favorito,&nbsp;la Sirenita,&nbsp;no te quer\u00edas cambiar tu&nbsp;disfraz,&nbsp;y&nbsp;todo quer\u00edas de la sirenita, los disfraces y vestidos te los elaboraba, tu&nbsp;t\u00eda&nbsp;bisabuela Carmelita; h\u00edjole,&nbsp;tantos recuerdos que me llegan a la mente,&nbsp;que,&nbsp;creo que podr\u00eda hacer un libro de todas esas vivencias que compartimos. Y que hoy te prometo,&nbsp;con la mano&nbsp;en el&nbsp;coraz\u00f3n.<\/p>\n\n\n\n<p>Que voy a hacer justicia,&nbsp;que esa persona que te arrebat\u00f3 tu vida, tus sue\u00f1os, tus ilusiones, metas de criar a tu hijo,&nbsp;y que&nbsp;pague con todo el peso de la ley y jam\u00e1s vuelva a hacer da\u00f1o a otras personas&nbsp;<\/p>\n\n\n\n<p>Te prometo que cuidar\u00e9 del amor de tu vida, tu hermoso hijo,&nbsp;mi ni\u00f1o adorado,&nbsp;para que sea un gran ser humano, as\u00ed como lo fuiste t\u00fa. &nbsp;<\/p>\n\n\n\n<p>Y que nadie le haga m\u00e1s da\u00f1o a mi nieto; que viva una vida de amor, cari\u00f1o, respeto. Y que sabes que cuando me&nbsp;comprometo,&nbsp;a hacer algo,&nbsp;siempre lo hago con el coraz\u00f3n y esta no es la excepci\u00f3n. Cuidar\u00e9 y amar\u00e9, proteger\u00e9 a tu hijo para que no le falte los valores, sus terapias y todo lo que requiera para ser un ni\u00f1o&nbsp;independiente,&nbsp;y,&nbsp;un buen hombre en la vida.<\/p>\n\n\n\n<p>T\u00fa, desde donde est\u00e9s ilum\u00edname, acomp\u00e1\u00f1ame para que seas mi gu\u00eda;&nbsp;para recuperar a mi ni\u00f1o adorado que es mi nieto. Sabes,&nbsp;siempre te amar\u00e9hasta el \u00faltimo momento.<\/p>\n\n\n\n<p>Estar\u00e1s siempre en mi mente y coraz\u00f3n,&nbsp;y de tu hijo: nunca te olvidaremos porque eres el amor de mis amores, al igual que de&nbsp;tu peque\u00f1o,&nbsp;y tu hermano.<\/p>\n\n\n\n<p>Gracias, querida hija amada, adorada por estos a\u00f1os que nos diste a tu lado.<\/p>\n\n\n\n<p>No te preocupes por tu hijo que estar\u00e1 en buenas manos. Y te har\u00e1 justicia.&nbsp;<\/p>\n\n\n\n<p>Siempre te amar\u00e9. Hassel Margarita del Carmen Castro Garc\u00eda.<\/p>\n\n\n\n<p>*****<\/p>\n\n\n\n<p>Hola,&nbsp;hija Ana Hassel S\u00e1nchez Castro. Te escribo esta carta con tristeza porque ya no est\u00e1s aqu\u00ed, t\u00fa s\u00ed quer\u00edas seguir, pero no fue tu decisi\u00f3n. En el a\u00f1o de 1987 me enter\u00e9 de que vendr\u00edas a este mundo, cuando fuimos tu mam\u00e1 y yo a hacer&nbsp;los estudios para el embarazo, y tuve que ir a recogerlos yo,&nbsp;ysali\u00f3 positivo. Ese d\u00eda fue un d\u00eda muy especial en mi vida, la alegr\u00eda m\u00e1s grande que pude haber sentido en el mundo;&nbsp;el saber que vendr\u00eda un beb\u00e9 y que yo ser\u00eda pap\u00e1: y a la vez, tuve miedo porque \u00e9ramos muy j\u00f3venes y quer\u00edamos lo mejor para ti. Despu\u00e9s vino la mam\u00e1 de Margarita, mi suegra, a pedir mi mano, ja, ja, ja, a la casa de mis pap\u00e1s, me rega\u00f1aron y me preguntaron si me quer\u00eda casar y dije&nbsp;que s\u00ed,&nbsp;nos casamos y as\u00ed fue como comenz\u00f3 la historia. Naciste un domingo 6 de diciembre de 1987, sana,&nbsp;dos kilos, 300 kg, 53 cm. En la noche fue una gran noticia para las familias, mi suegra como era su primera nieta,&nbsp;estaba loca de felicidad, compr\u00f3 chocolates y reparti\u00f3 a todas las personas que estaban en la sala de espera del hospital. As\u00ed,&nbsp;comenz\u00f3 tu historia en este mundo; con una gran felicidad por parte de todas las personas que te&nbsp;quer\u00edamos:&nbsp;D\u00e9jame decirte que al principio todos pensaban que ibas a ser ni\u00f1o, casi nos lo&nbsp;aseguraban, pero fuiste ni\u00f1a, y es una felicidad inmensa. Gracias a Dios caminaste y hablaste muy r\u00e1pido, tu mam\u00e1,&nbsp;te meti\u00f3 a una guarder\u00eda que est\u00e1 en el hospital donde ella trabajaba y avanzaste mucho, eras una ni\u00f1a con un gran carisma, muchas personas te volteaban a ver y dec\u00edan.&nbsp;\u00a1Que,&nbsp;ni\u00f1a tan&nbsp;bonita!<\/p>\n\n\n\n<p>Yo estaba orgulloso porque eras mi ni\u00f1a. Todo mundo te ve\u00eda con mucho amor, en mi trabajo, en Navidad, mis compa\u00f1eros del&nbsp;banco&nbsp;me regalaron muchas cosas para ti; cosas para reci\u00e9n nacido; yo era muy feliz cuando te tuve hija,&nbsp;fue un gran motivo en m\u00ed.&nbsp; En mi trabajo si ten\u00eda que repartir algunas mensajer\u00edas, me daban dinero para ir a dejar esos papeles; el recorrido m\u00e1s de 30 calles y me daban para taxi, pero yo me iba caminando o a veces hasta corriendo para entregar los documentos,&nbsp;y,&nbsp;ahorrarme ese dinero del taxi; para poder comprarte algo, mi ni\u00f1a eras&nbsp;mi&nbsp;motor no hab\u00eda cansancio para trabajar. Y despu\u00e9s,&nbsp;vino el divorcio,&nbsp;una etapa muy dif\u00edcil para los tres, pero m\u00e1s para ti,&nbsp;porque t\u00fa estabas entre los dos:&nbsp;comenz\u00f3&nbsp;una&nbsp;mala racha para m\u00ed econ\u00f3micamente, y los d\u00edas que ten\u00eda que verte a veces no ten\u00eda dinero,&nbsp;para poder llevarte&nbsp;a&nbsp;alg\u00fan lugar y, te llevaba a alguna plaza comercial,&nbsp;y nom\u00e1s,&nbsp;nos alcanzaba para ti,&nbsp;yo no ten\u00eda hambre: t\u00fa me preguntabas pap\u00e1,&nbsp;\u00bfno quieres algo?&nbsp;yo&nbsp;te&nbsp;dec\u00eda que ya hab\u00eda comido,&nbsp;que no ten\u00eda hambre.&nbsp;<\/p>\n\n\n\n<p>Como estudiante, fuiste una ni\u00f1a muy lista, a veces flojita, no quer\u00edas hacer tarea,&nbsp;ja,&nbsp;ja,&nbsp;ja; pero siempre sacaste buenas calificaciones: ya de adolescente te cre\u00edas darketa, te vest\u00edas&nbsp;de negro y escuchabas m\u00fasica de Metallica&nbsp;y&nbsp;dem\u00e1s&nbsp;grupos, pero cambiaste, y, aunque, siempre vas a hacer metalera cambiaste,&nbsp;te aburriste de vestir de negro. Es una&nbsp;historia&nbsp;muy larga que contar con muchas an\u00e9cdotas entre t\u00fa y yo,&nbsp;mija,&nbsp;me hiciste muy feliz, y a veces tambi\u00e9n me hiciste enojar,&nbsp;porque tambi\u00e9n eras rebelde, ten\u00edas tu car\u00e1cter, pero siempre fuiste humilde,&nbsp;y me ofreciste disculpas, eres noble y de gran coraz\u00f3n hija, fuerte, audaz, inteligente, sagaz etc.&nbsp;Siempre fuiste una persona solidaria con todas las personas que est\u00e1n alrededor tuyo, si alguien necesitaba algo tuyo sin dudarlo estabas ah\u00ed. En mi casa fuiste muy querida mija,&nbsp;por todos, por tu amor, por tu sonrisa, por tu forma de ser: fuiste mi gran coach mental,&nbsp;desde muy peque\u00f1a tu vocecita hac\u00eda,&nbsp;que yo me parara y volviera a empezar otra vez,&nbsp;contigo me levantaba, eras un gran motivo para trabajar,&nbsp;y emprender nuevos negocios,&nbsp;siempre me apoyaste. Recuerdo que t\u00fa eras mi sirenita, te encant\u00f3 esa pel\u00edcula, cuando viv\u00eda yo solo en el departamento y ven\u00edas a verme; te quedabas dormida viendo la pel\u00edcula varias veces y yo muy feliz,&nbsp;vi\u00e9ndote,&nbsp;como te quedabas dormida,&nbsp;al lado m\u00edo; como un angelito: siempre voy a admirar tu esp\u00edritu de lucha. Quisiste trabajar a los 15 a\u00f1os en un restaurante haciendo&nbsp;s\u00e1ndwich&nbsp;no ten\u00edas la necesidad, pero quer\u00edas demostrar que pod\u00edas hacer las cosas, adem\u00e1s,&nbsp;cuando quer\u00edas estudiar en alg\u00fan lado, me dec\u00edas pap\u00e1, quiero estudiar en tal lado, yo te dec\u00eda ve cons\u00edguelo y me dices;&nbsp;ibas y lo hac\u00edas.<\/p>\n\n\n\n<p>Siempre vas a ser mi vida. Fuiste una persona muy tenaz, y conseguiste lo que t\u00fa quer\u00edas, un d\u00eda tuvimos una gran pl\u00e1tica t\u00fa y yo hija; ese d\u00eda te dije que ten\u00edas que salir de la casa,&nbsp;que ten\u00edas que conocer el mundo,&nbsp;otros pa\u00edses,&nbsp;y,&nbsp;que,&nbsp;ten\u00edas que&nbsp;triunfar;&nbsp;t\u00fa&nbsp;me dijiste si pap\u00e1,&nbsp;y que tendr\u00edas&nbsp;una familia y un hijo,&nbsp;lo cumpliste querida hija. Son muchas cosas las que podr\u00eda escribir, pero no me alcanzar\u00eda un cuaderno para decirte que fui muy feliz al lado tuyo,&nbsp;hija,&nbsp;que es un hueco inmenso, que dejaste en mi vida, que no volver\u00e9 a sentir lo mismo nunca m\u00e1s.&nbsp;Dejaste este hueco que solamente pudiste llenarlo t\u00fa,&nbsp;ahora la mitad de mi vida se fue contigo. Me dejaste a mi nieto que es parte de ti, yo estar\u00e9 al pendiente de \u00e9l. Te pido por favor,&nbsp;que no te despegues de tu hijo,&nbsp;y que siempre lo acompa\u00f1es como puedas, yo siempre estar\u00e9 hablando lo mejor de mi hija; el extraordinario ser humano que eras y que no fue tu voluntad irte. Los d\u00edas se me pasan r\u00e1pido y muy tristes, a veces quisiera gritar que me siento; de la chingada, pero no puedo; y me trago esta tristeza yo solo.&nbsp;<\/p>\n\n\n\n<p>Alg\u00fan d\u00eda estaremos juntos,&nbsp;hasta que Dios lo permita,&nbsp;y deje de latir mi coraz\u00f3n, te pueda ver y abrazarte.&nbsp; Ana,&nbsp;no pude despedirme de ti, no pude decirte lo agradecido que me sent\u00eda contigo por ser parte de mi alegr\u00eda, no pude decirte la enorme falta que me har\u00edas como dicen.&nbsp;Nunca sabe uno lo que tiene hasta que lo pierde,&nbsp;pero&nbsp;\u00bfc\u00f3mo puede saber uno que es el \u00faltimo d\u00eda que te iba a&nbsp;ver?&nbsp;Te amo hija, te amo desde el fondo de mi coraz\u00f3n y de mi alma. Tu pap\u00e1 que siempre te va a querer hasta el fin de los&nbsp;tiempos.&nbsp;<\/p>\n\n\n\n<p>Marco Aurelio S\u00e1nchez Rizo.<\/p>\n\n\n\n<p>****<\/p>\n\n\n\n<p>Hola Ana Hassel: &nbsp;<\/p>\n\n\n\n<p>Yo empec\u00e9 a salir con tu pap\u00e1 cuando ten\u00edas 16 a\u00f1os, los a\u00f1os m\u00e1s dif\u00edciles de una adolescente. Sabes&nbsp;que,&nbsp;aunque&nbsp;al principio no te ca\u00eda bien, siempre te trat\u00e9 bien, procur\u00e9 llevarme bien contigo, pero&nbsp;a veces era&nbsp;imposible porque cuando te ibas con tu mam\u00e1 regresabas muy cambiada y&nbsp;grosera&nbsp;conmigo.&nbsp;Lo entend\u00ed porque&nbsp;eso era parte de tu adolescencia, ya que conforme pas\u00f3 el tiempo,&nbsp;te demostr\u00e9 que te quiero, que pod\u00edas confiar en m\u00ed. Como la vez que me fui a pelear a la preparatoria, cuando la que empez\u00f3 el desmadre fuiste t\u00fa, y eso no nos dijiste,&nbsp;o como&nbsp;la vez que saliste volando del coche,&nbsp;qu\u00e9,&nbsp;espect\u00e1culo; pero bueno, son tantos momentos&nbsp;en&nbsp;nuestras vidas&nbsp;que para muchos&nbsp;eran&nbsp;criticables,&nbsp;para nosotras eran&nbsp;bonitos.<\/p>\n\n\n\n<p>Cuando me pelee con todos por defenderte. Y te dije que no quer\u00eda que te volvieras a juntar con Iliana, porque todos le cre\u00edan a ella, y bueno, fueron tantas cosas, pero lo mejor de todo fue cuando naci\u00f3 tu peque\u00f1o.<\/p>\n\n\n\n<p>A pesar de que, yo, ya ten\u00eda una nieta, tu ni\u00f1o iba a ser como mi nieto y as\u00ed fue, no necesito decir mucho, mis hechos hablan por m\u00ed. &nbsp;Yo fui la que te ped\u00ed que cada 8 d\u00edas me trajeras&nbsp;a mi ni\u00f1o, siempre trat\u00e9 de estar al pendiente de ustedes.<\/p>\n\n\n\n<p>Para ti siempre fui una pendeja, pero para m\u00ed no, yo ve\u00eda c\u00f3mo le llorabas a tu mam\u00e1, yo no era tu mam\u00e1, pero era tu amiga con la que siempre contaste. &nbsp;Eso es lo que me llev\u00f3 en mi coraz\u00f3n, no tengo remordimiento alguno, siempre estuve contigo y con mi ni\u00f1o.&nbsp;Y me duele saber todo esto que te pas\u00f3, sabes que aqu\u00ed estaremos buscando justicia para ti, que ese maldito pagu\u00e9 lo que te hizo y tratar de recuperar a nuestro ni\u00f1o. Te voy a extra\u00f1ar cabrona.<\/p>\n\n\n\n<p>Sandi.<\/p>\n\n\n\n<p>****<\/p>\n\n\n\n<p>El peque\u00f1o hijo de&nbsp;Ana&nbsp;fue entregado por su abuelo, a la abuela paterna,&nbsp;el lunes 15 de julio antes de acudir a la Fiscal\u00eda y saber que su hija no se hab\u00eda suicidado.&nbsp;Ahora iniciar\u00e1 la batalla para recuperarlo, para continuar buscando justicia y verdad para Ana y su familia, y desde, Voces de la Ausencia y FridaGuerrera, nos mantendremos cerca de nuestros nuevos integrantes de est\u00e1 familia que llena de dolor, amor, y comprensi\u00f3n. Siguen abrazando a las nuevas voces que, se suman a la infinita pandemia que es el feminicidio y sus secuelas.&nbsp;<\/p>\n\n\n\n<p>Eres madre, padre, hermana, hermano, hija, hijo. De una mujer v\u00edctima de feminicidio, desaparici\u00f3n, o intento de feminicidio b\u00fascame, ay\u00fadame a visualizarlas y contar su historia. Voces de la Ausencia.<\/p>\n\n\n\n<p>P.D. Cada uno de los textos expuestos en este espacio, son con autorizaci\u00f3n y acompa\u00f1amiento de las familias directas de las v\u00edctimas, que son las \u00fanicas autorizadas para hacerlo. Porque solo somos la extensi\u00f3n de su grito de justicia.<\/p>\n\n\n\n<p>@FridaGuerrera<\/p>\n\n\n\n<p>@vocesDLAusencia<\/p>\n","protected":false},"excerpt":{"rendered":"<p>\u00abLos hombres tienen miedo a la mujer sin miedo\u201d. Eduardo Galeano &nbsp;Ver\u00f3nica Villalvazo (Frida Guerrera)&hellip;<\/p>\n","protected":false},"author":2,"featured_media":69816,"comment_status":"closed","ping_status":"open","sticky":false,"template":"","format":"standard","meta":{"_lmt_disableupdate":"","_lmt_disable":"","_jetpack_memberships_contains_paid_content":false,"footnotes":""},"categories":[456,109],"tags":[1377],"class_list":["post-70923","post","type-post","status-publish","format-standard","has-post-thumbnail","hentry","category-columna","category-minuto-a-minuto","tag-frida-guerrera-villalvazo"],"jetpack_featured_media_url":"https:\/\/zonaroja.com.mx\/wp-content\/uploads\/2024\/06\/Frida-Guerrera-Veronica-Villalvazo.jpg","jetpack_sharing_enabled":true,"_links":{"self":[{"href":"https:\/\/zonaroja.com.mx\/index.php?rest_route=\/wp\/v2\/posts\/70923","targetHints":{"allow":["GET"]}}],"collection":[{"href":"https:\/\/zonaroja.com.mx\/index.php?rest_route=\/wp\/v2\/posts"}],"about":[{"href":"https:\/\/zonaroja.com.mx\/index.php?rest_route=\/wp\/v2\/types\/post"}],"author":[{"embeddable":true,"href":"https:\/\/zonaroja.com.mx\/index.php?rest_route=\/wp\/v2\/users\/2"}],"replies":[{"embeddable":true,"href":"https:\/\/zonaroja.com.mx\/index.php?rest_route=%2Fwp%2Fv2%2Fcomments&post=70923"}],"version-history":[{"count":1,"href":"https:\/\/zonaroja.com.mx\/index.php?rest_route=\/wp\/v2\/posts\/70923\/revisions"}],"predecessor-version":[{"id":70924,"href":"https:\/\/zonaroja.com.mx\/index.php?rest_route=\/wp\/v2\/posts\/70923\/revisions\/70924"}],"wp:featuredmedia":[{"embeddable":true,"href":"https:\/\/zonaroja.com.mx\/index.php?rest_route=\/wp\/v2\/media\/69816"}],"wp:attachment":[{"href":"https:\/\/zonaroja.com.mx\/index.php?rest_route=%2Fwp%2Fv2%2Fmedia&parent=70923"}],"wp:term":[{"taxonomy":"category","embeddable":true,"href":"https:\/\/zonaroja.com.mx\/index.php?rest_route=%2Fwp%2Fv2%2Fcategories&post=70923"},{"taxonomy":"post_tag","embeddable":true,"href":"https:\/\/zonaroja.com.mx\/index.php?rest_route=%2Fwp%2Fv2%2Ftags&post=70923"}],"curies":[{"name":"wp","href":"https:\/\/api.w.org\/{rel}","templated":true}]}}