{"id":70932,"date":"2024-08-01T07:09:07","date_gmt":"2024-08-01T13:09:07","guid":{"rendered":"https:\/\/zonaroja.com.mx\/?p=70932"},"modified":"2024-08-01T08:00:43","modified_gmt":"2024-08-01T14:00:43","slug":"hallan-encobijado-en-la-capital-dos-ahogados-en-valles-centrales","status":"publish","type":"post","link":"https:\/\/zonaroja.com.mx\/?p=70932","title":{"rendered":"Hallan \u201cencobijado\u201d en la capital; dos ahogados en Valles Centrales"},"content":{"rendered":"\n<p>Raymundo Morales\/Zona Roja.<\/p>\n\n\n\n<p>Oaxaca de Ju\u00e1rez, Oax., a 1 de agosto de 2024.- Una persona del sexo masculino sin vida, envuelta en una cobija, fue hallada anoche en jurisdicci\u00f3n de la ciudad de Oaxaca.<\/p>\n\n\n\n<p>La v\u00edctima se encontraba tirada bajo el puente \u201cCuarto Centenario\u201d de las riberas del r\u00edo \u201cAtoyac\u201d, informaron transe\u00fantes de la zona a las corporaciones policiacas.<\/p>\n\n\n\n<p>Tras ello, personal de la Fiscal\u00eda General del Estado de Oaxaca arrib\u00f3 a la zona para iniciar las indagatorias; de manera preliminar se inform\u00f3 que se trata de n indigente, a\u00fan no identificado.<\/p>\n\n\n\n<p>DOS AHOGADOS<\/p>\n\n\n\n<p>Por otra parte, una persona muri\u00f3 ahogada ayer por la tarde en la presa \u00abLa Gotera\u00bb del municipio Villa de Zaachila, regi\u00f3n Valles Centrales del estado.<\/p>\n\n\n\n<p>Tras la llamada de auxilio por parte de familiares, corporaciones de protecci\u00f3n civil acudieron a la zona y rescataron el cuerpo de quien fue identificado de manera preliminar como Epifanio C. C., de 41 a\u00f1os de edad.<\/p>\n\n\n\n<p>Otro caso ocurri\u00f3 la tarde del lunes en una presa de San Miguel Tilqui\u00e1pam, localidad de la regi\u00f3n Valles Centrales, donde tambi\u00e9n muri\u00f3 un individuo.<\/p>\n\n\n\n<p>Integrantes del Cuerpo de Bomberos y personal de la localidad labor\u00f3 para rescatar el cuerpo de Jorge Luis S., de 21 a\u00f1os de edad, quien se meti\u00f3 a nadar pero al parecer cay\u00f3 en una poza y por lo cual no pudo salir.<br><\/p>\n","protected":false},"excerpt":{"rendered":"<p>Raymundo Morales\/Zona Roja. Oaxaca de Ju\u00e1rez, Oax., a 1 de agosto de 2024.- Una persona&hellip;<\/p>\n","protected":false},"author":2,"featured_media":70940,"comment_status":"closed","ping_status":"open","sticky":false,"template":"","format":"standard","meta":{"_lmt_disableupdate":"","_lmt_disable":"","_jetpack_memberships_contains_paid_content":false,"footnotes":""},"categories":[109,47],"tags":[148],"class_list":["post-70932","post","type-post","status-publish","format-standard","has-post-thumbnail","hentry","category-minuto-a-minuto","category-zona-gris","tag-oaxaca-de-juarez"],"jetpack_featured_media_url":"https:\/\/zonaroja.com.mx\/wp-content\/uploads\/2024\/08\/Muerto-encobijado-ciudad-de-Oaxaca.jpg","jetpack_sharing_enabled":true,"_links":{"self":[{"href":"https:\/\/zonaroja.com.mx\/index.php?rest_route=\/wp\/v2\/posts\/70932","targetHints":{"allow":["GET"]}}],"collection":[{"href":"https:\/\/zonaroja.com.mx\/index.php?rest_route=\/wp\/v2\/posts"}],"about":[{"href":"https:\/\/zonaroja.com.mx\/index.php?rest_route=\/wp\/v2\/types\/post"}],"author":[{"embeddable":true,"href":"https:\/\/zonaroja.com.mx\/index.php?rest_route=\/wp\/v2\/users\/2"}],"replies":[{"embeddable":true,"href":"https:\/\/zonaroja.com.mx\/index.php?rest_route=%2Fwp%2Fv2%2Fcomments&post=70932"}],"version-history":[{"count":2,"href":"https:\/\/zonaroja.com.mx\/index.php?rest_route=\/wp\/v2\/posts\/70932\/revisions"}],"predecessor-version":[{"id":70950,"href":"https:\/\/zonaroja.com.mx\/index.php?rest_route=\/wp\/v2\/posts\/70932\/revisions\/70950"}],"wp:featuredmedia":[{"embeddable":true,"href":"https:\/\/zonaroja.com.mx\/index.php?rest_route=\/wp\/v2\/media\/70940"}],"wp:attachment":[{"href":"https:\/\/zonaroja.com.mx\/index.php?rest_route=%2Fwp%2Fv2%2Fmedia&parent=70932"}],"wp:term":[{"taxonomy":"category","embeddable":true,"href":"https:\/\/zonaroja.com.mx\/index.php?rest_route=%2Fwp%2Fv2%2Fcategories&post=70932"},{"taxonomy":"post_tag","embeddable":true,"href":"https:\/\/zonaroja.com.mx\/index.php?rest_route=%2Fwp%2Fv2%2Ftags&post=70932"}],"curies":[{"name":"wp","href":"https:\/\/api.w.org\/{rel}","templated":true}]}}