{"id":70942,"date":"2024-08-01T07:17:15","date_gmt":"2024-08-01T13:17:15","guid":{"rendered":"https:\/\/zonaroja.com.mx\/?p=70942"},"modified":"2024-08-01T07:17:17","modified_gmt":"2024-08-01T13:17:17","slug":"detienen-a-policias-de-jamiltepec-que-custodiaban-a-presunto-delincuente","status":"publish","type":"post","link":"https:\/\/zonaroja.com.mx\/?p=70942","title":{"rendered":"Detienen a polic\u00edas de Jamiltepec que custodiaban a presunto delincuente"},"content":{"rendered":"\n<p>Redacci\u00f3n\/Zona Roja.<\/p>\n\n\n\n<p>Oaxaca de Ju\u00e1rez, Oax., a 1 de agosto de 2024.- Personal de la Secretar\u00eda de Seguridad y Protecci\u00f3n Ciudadana de Oaxaca (SSPC) detuvo a tres personas, dos de ellas polic\u00edas municipales de Santiago Jamiltepec, por la probable portaci\u00f3n de armas de fuego de uso exclusivo del Ej\u00e9rcito; adem\u00e1s, custodiaban a un presunto criminal.<\/p>\n\n\n\n<p>Lo anterior ocurri\u00f3 durante la implementaci\u00f3n de un filtro de control provisional preventivo en el tramo de terracer\u00eda que comunica a la poblaci\u00f3n de Paso la Reyna, Jamiltepec.<\/p>\n\n\n\n<p>Alrededor de las 13:40 horas del pasado lunes 29 de julio, polic\u00edas estatales marcaron el alto a los ocupantes de una patrulla balizada con las insignias de la Polic\u00eda Municipal, perteneciente al municipio de Jamiltepec.<\/p>\n\n\n\n<p>Observaron que en la cabina trasera se encontraba una persona vestida de civil, pero portando un chaleco t\u00e1ctico, color verde, con placas bal\u00edsticas y entre sus piernas un arma larga.<\/p>\n\n\n\n<p>Por este motivo, se continu\u00f3 con la revisi\u00f3n preventiva, localizando y asegurando en total dos armas largas calibre .223 tipo AR-15, dos armas cortas calibre 9 mm, 10 cargadores para arma larga calibre .223 mm, cinco cargadores para arma corta calibre 9 mm, 318 cartuchos para arma larga calibre .223 mm y 63 cartuchos para arma corta calibre 9 mm.<\/p>\n\n\n\n<p>Asimismo, un chaleco t\u00e1ctico color verde (porta placas) con tres portacargadores, dos placas bal\u00edsticas y 45 dosis de polvo blanco con caracter\u00edsticas de coca\u00edna.<\/p>\n\n\n\n<p>Por esos hechos, tales aseguramientos junto con la unidad marca Nissan tipo NP-300 con n\u00famero econ\u00f3mico 032, color blanco con azul, habilitada como patrulla y placas de circulaci\u00f3n RX85088, as\u00ed como las personas identificadas como Isidro \u201cNN\u201d, Jes\u00fas \u201cNN\u201d y Cl\u00edmaco \u201cNN\u201d de 54, 47 y 42 a\u00f1os de edad, respectivamente, fueron puestos a disposici\u00f3n de la Fiscal\u00eda General de la Rep\u00fablica (FGR) quien se encargar\u00e1 de deslindar o fincar las responsabilidades legales consecuentes.<\/p>\n\n\n\n<p>Cabe destacar que se presume que las dos primeras personas nombradas son integrantes de la Polic\u00eda Municipal de Jamiltepec, mientras que el tercer implicado cuenta con una orden de aprehensi\u00f3n en su contra por el delito de portaci\u00f3n de arma de fuego.<\/p>\n","protected":false},"excerpt":{"rendered":"<p>Redacci\u00f3n\/Zona Roja. Oaxaca de Ju\u00e1rez, Oax., a 1 de agosto de 2024.- Personal de la&hellip;<\/p>\n","protected":false},"author":2,"featured_media":70943,"comment_status":"closed","ping_status":"open","sticky":false,"template":"","format":"standard","meta":{"_lmt_disableupdate":"","_lmt_disable":"","_jetpack_memberships_contains_paid_content":false,"footnotes":""},"categories":[109,46],"tags":[797],"class_list":["post-70942","post","type-post","status-publish","format-standard","has-post-thumbnail","hentry","category-minuto-a-minuto","category-zona-blanca","tag-santiago-jamiltepec"],"jetpack_featured_media_url":"https:\/\/zonaroja.com.mx\/wp-content\/uploads\/2024\/08\/Policias-Jamiltepec-detenidos.jpg","jetpack_sharing_enabled":true,"_links":{"self":[{"href":"https:\/\/zonaroja.com.mx\/index.php?rest_route=\/wp\/v2\/posts\/70942","targetHints":{"allow":["GET"]}}],"collection":[{"href":"https:\/\/zonaroja.com.mx\/index.php?rest_route=\/wp\/v2\/posts"}],"about":[{"href":"https:\/\/zonaroja.com.mx\/index.php?rest_route=\/wp\/v2\/types\/post"}],"author":[{"embeddable":true,"href":"https:\/\/zonaroja.com.mx\/index.php?rest_route=\/wp\/v2\/users\/2"}],"replies":[{"embeddable":true,"href":"https:\/\/zonaroja.com.mx\/index.php?rest_route=%2Fwp%2Fv2%2Fcomments&post=70942"}],"version-history":[{"count":1,"href":"https:\/\/zonaroja.com.mx\/index.php?rest_route=\/wp\/v2\/posts\/70942\/revisions"}],"predecessor-version":[{"id":70944,"href":"https:\/\/zonaroja.com.mx\/index.php?rest_route=\/wp\/v2\/posts\/70942\/revisions\/70944"}],"wp:featuredmedia":[{"embeddable":true,"href":"https:\/\/zonaroja.com.mx\/index.php?rest_route=\/wp\/v2\/media\/70943"}],"wp:attachment":[{"href":"https:\/\/zonaroja.com.mx\/index.php?rest_route=%2Fwp%2Fv2%2Fmedia&parent=70942"}],"wp:term":[{"taxonomy":"category","embeddable":true,"href":"https:\/\/zonaroja.com.mx\/index.php?rest_route=%2Fwp%2Fv2%2Fcategories&post=70942"},{"taxonomy":"post_tag","embeddable":true,"href":"https:\/\/zonaroja.com.mx\/index.php?rest_route=%2Fwp%2Fv2%2Ftags&post=70942"}],"curies":[{"name":"wp","href":"https:\/\/api.w.org\/{rel}","templated":true}]}}