{"id":70954,"date":"2024-08-01T12:11:00","date_gmt":"2024-08-01T18:11:00","guid":{"rendered":"https:\/\/zonaroja.com.mx\/?p=70954"},"modified":"2024-08-01T08:14:32","modified_gmt":"2024-08-01T14:14:32","slug":"conmemoran-en-congreso-dia-de-la-mujer-oaxaquena","status":"publish","type":"post","link":"https:\/\/zonaroja.com.mx\/?p=70954","title":{"rendered":"Conmemoran en Congreso D\u00eda de la Mujer Oaxaque\u00f1a"},"content":{"rendered":"\n<p>Redacci\u00f3n\/Zona Roja.<\/p>\n\n\n\n<p>Oaxaca de Ju\u00e1rez, Oax., a 1 de agosto de 2024.- Con motivo del D\u00eda de la Mujer Oaxaque\u00f1a, que se conmemora el 1 de agosto de cada a\u00f1o a partir de este 2024, en la sede del Congreso de Oaxaca se imparti\u00f3 la conferencia magistral a cargo de la periodista Olga Rosario Avenda\u00f1o, quien destaca por visibilizar a las mujeres en la vida pol\u00edtica y social del estado.<\/p>\n\n\n\n<p>La diputada Dennis Garc\u00eda Guti\u00e9rrez, organizadora de este encuentro, resalt\u00f3 que por primera vez en este a\u00f1o se conmemora esta fecha, luego de que en septiembre de 2023 la 65 Legislatura local aprob\u00f3 el decreto mediante el cual se declara el 1 de agosto de cada a\u00f1o como el D\u00eda de la Mujer Oaxaque\u00f1a.<\/p>\n\n\n\n<p>\u201cInvito a mis compa\u00f1eras legisladoras para comprometernos en buscar siempre el reconocimiento y protecci\u00f3n a los derechos de la mujer, lo que incluye la libertad de pensamiento y el respeto a nuestra dignidad; y a los compa\u00f1eros legisladores tambi\u00e9n los invito a acompa\u00f1arnos en esta tarea sin temores y sin prejuicios\u201d, expres\u00f3.<\/p>\n\n\n\n<p>En su participaci\u00f3n, el presidente de la Junta de Coordinaci\u00f3n Pol\u00edtica (Jucopo) de la 65 Legislatura local, Sergio L\u00f3pez S\u00e1nchez, refrend\u00f3 el compromiso de las diputadas y los diputados para fortalecer el marco jur\u00eddico que permita a las mujeres ejercer sus derechos y el respeto de \u00e9stos, garantizando una vida libre de violencia de g\u00e9nero.<\/p>\n\n\n\n<p>\u00abPodemos afirmar que el d\u00eda de hoy, se siguen escuchando las voces de las oaxaque\u00f1as en este Congreso del Estado, ya que se han aprobado diversas reformas en las que se reconoce el derecho de las mujeres\u201d, afirm\u00f3.<\/p>\n\n\n\n<p>VISIBILIZAR A MUJERES<\/p>\n\n\n\n<p>Por su parte, la ponente Olga Rosario Avenda\u00f1o habl\u00f3 sobre la importancia de visibilizar la participaci\u00f3n de las mujeres en los eventos pol\u00edticos y sociales del estado, as\u00ed como lo relata en su libro \u00abSolo ellas saben: cocinar, amar, luchar. Las mujeres de la Asamblea Popular de los Pueblos de Oaxaca\u00bb.<\/p>\n\n\n\n<p>\u00abHay que reiterar que falta mucho camino por recorrer para hacer visible la participaci\u00f3n de las mujeres, continuamos sin ser tomadas en cuenta, es algo recurrente que hay que seguir cuestionando, pero hay que hacer mayor \u00e9nfasis cuando de movimientos de izquierda se trata\u00bb, coment\u00f3.<\/p>\n\n\n\n<p>Asimismo, destac\u00f3 la participaci\u00f3n de las mujeres en el movimiento social de 2006 en Oaxaca, donde por medio de la llamada \u00abMarcha de las cacerolas\u00bb, decenas de mujeres se empoderaron para ser part\u00edcipes y protagonistas dentro de las acciones tomadas por la entonces APPO y el magisterio.<\/p>\n\n\n\n<p>Durante esta ponencia, estuvieron presentes las diputadas y los diputados de la 65 Legislatura local; as\u00ed como Adriana Salazar Rivas, directora del Centro de Estudios de las Mujeres y Paridad de G\u00e9nero; Anah\u00ed Sarmiento P\u00e9rez, titular de la Secretar\u00eda de las Mujeres; y Mar\u00eda de Lourdes Cruz, delegada de Profeco.<\/p>\n","protected":false},"excerpt":{"rendered":"<p>Redacci\u00f3n\/Zona Roja. Oaxaca de Ju\u00e1rez, Oax., a 1 de agosto de 2024.- Con motivo del&hellip;<\/p>\n","protected":false},"author":2,"featured_media":70955,"comment_status":"closed","ping_status":"open","sticky":false,"template":"","format":"standard","meta":{"_lmt_disableupdate":"","_lmt_disable":"","_jetpack_memberships_contains_paid_content":false,"footnotes":""},"categories":[109,46],"tags":[2743],"class_list":["post-70954","post","type-post","status-publish","format-standard","has-post-thumbnail","hentry","category-minuto-a-minuto","category-zona-blanca","tag-65-legislatura-del-estado-de-oaxaca"],"jetpack_featured_media_url":"https:\/\/zonaroja.com.mx\/wp-content\/uploads\/2024\/08\/Conmemora-Congreso-Dia-de-la-Mujer-Oaxaquena-2024_1.jpeg","jetpack_sharing_enabled":true,"_links":{"self":[{"href":"https:\/\/zonaroja.com.mx\/index.php?rest_route=\/wp\/v2\/posts\/70954","targetHints":{"allow":["GET"]}}],"collection":[{"href":"https:\/\/zonaroja.com.mx\/index.php?rest_route=\/wp\/v2\/posts"}],"about":[{"href":"https:\/\/zonaroja.com.mx\/index.php?rest_route=\/wp\/v2\/types\/post"}],"author":[{"embeddable":true,"href":"https:\/\/zonaroja.com.mx\/index.php?rest_route=\/wp\/v2\/users\/2"}],"replies":[{"embeddable":true,"href":"https:\/\/zonaroja.com.mx\/index.php?rest_route=%2Fwp%2Fv2%2Fcomments&post=70954"}],"version-history":[{"count":1,"href":"https:\/\/zonaroja.com.mx\/index.php?rest_route=\/wp\/v2\/posts\/70954\/revisions"}],"predecessor-version":[{"id":70956,"href":"https:\/\/zonaroja.com.mx\/index.php?rest_route=\/wp\/v2\/posts\/70954\/revisions\/70956"}],"wp:featuredmedia":[{"embeddable":true,"href":"https:\/\/zonaroja.com.mx\/index.php?rest_route=\/wp\/v2\/media\/70955"}],"wp:attachment":[{"href":"https:\/\/zonaroja.com.mx\/index.php?rest_route=%2Fwp%2Fv2%2Fmedia&parent=70954"}],"wp:term":[{"taxonomy":"category","embeddable":true,"href":"https:\/\/zonaroja.com.mx\/index.php?rest_route=%2Fwp%2Fv2%2Fcategories&post=70954"},{"taxonomy":"post_tag","embeddable":true,"href":"https:\/\/zonaroja.com.mx\/index.php?rest_route=%2Fwp%2Fv2%2Ftags&post=70954"}],"curies":[{"name":"wp","href":"https:\/\/api.w.org\/{rel}","templated":true}]}}