{"id":70959,"date":"2024-08-01T13:20:00","date_gmt":"2024-08-01T19:20:00","guid":{"rendered":"https:\/\/zonaroja.com.mx\/?p=70959"},"modified":"2024-08-01T08:21:31","modified_gmt":"2024-08-01T14:21:31","slug":"opinion-guelaguetza-fiesta-agraviada","status":"publish","type":"post","link":"https:\/\/zonaroja.com.mx\/?p=70959","title":{"rendered":"Opini\u00f3n. Guelaguetza, fiesta agraviada"},"content":{"rendered":"\n<p>N\u00e9stor Y. S\u00e1nchez Islas<\/p>\n\n\n\n<p>El contexto de las fiestas de los Lunes del Cerro no se limita a los dos&nbsp;d\u00edas&nbsp;de bailes en el auditorio. Inicia varias semanas antes y, a lo largo de ellas, los errores y pifias cometidos se han sumado hasta convertirse en un agravio.<\/p>\n\n\n\n<p>La responsabilidad de los errores queda totalmente en manos de los gobiernos estatal y municipal. Aqu\u00ed no hay un Felipe Calder\u00f3n a quien culpar.&nbsp;<\/p>\n\n\n\n<p>El primer error fue la falta de promoci\u00f3n a tiempo, adem\u00e1s de escasa. El segundo se difundi\u00f3 a trav\u00e9s de una&nbsp;gran&nbsp;fotograf\u00eda del reportero&nbsp;Luis&nbsp;Platas. El gobernador plet\u00f3rico junto a su secretaria de Turismo.&nbsp;<\/p>\n\n\n\n<p>Ella&nbsp;en un vestido entallado, propio para una&nbsp;boda,&nbsp;pero no&nbsp;para el desfile de delegaciones en que lo correcto&nbsp;es la vestimenta tradicional.&nbsp;El tercero, quien deber\u00eda presidir el desfile, la diosa Cent\u00e9otl, relegada a una orilla,&nbsp;desplazada, dominada y&nbsp;discriminada,&nbsp;sin nadie que tuviera la atenci\u00f3n de protegerla con un paraguas y con solo un hule para cubrirse de la lluvia&nbsp;del&nbsp;momento. Todas las explicaciones posteriores no&nbsp;pudieron&nbsp;desmentir la imagen.<\/p>\n\n\n\n<p>Durante la fiesta en el auditorio dos hechos&nbsp;sumaron agravios.&nbsp;Primero, el mal llamado \u201cpalco oficial\u201d repleto de gorrones, invitados especiales les dice el oficialismo, a quienes se les cubrieron todos los gatos para venir a disfrutar de nuestra fiesta creyendo, err\u00f3neamente, que su presencia la engalana.&nbsp;Es al rev\u00e9s, la Guelaguetza los dignifica.&nbsp;<\/p>\n\n\n\n<p>El agravio m\u00e1s fuerte estaba por venir. La cineasta \u00c1ngeles Cruz realiz\u00f3 una protesta desde su asiento. Debo decir que no estoy de acuerdo con que la protesta la haya realizado en ese lugar y momento, aunque reconozco que tiene todos los motivos y razones.&nbsp;<\/p>\n\n\n\n<p>Un fot\u00f3grafo del diario \u201cEl Universal\u201d trat\u00f3 de cubrir la nota, como es obligaci\u00f3n de todo periodista, sin embargo, recibi\u00f3 por parte de funcionarios estatales insultos y empujones para evitarlo. Un atentado contra la libertad de prensa y esc\u00e1ndalo nacional.<\/p>\n\n\n\n<p>Una fiesta aburrida, realizada de acuerdo con los conocimientos del Oaxaca profundo que&nbsp;los funcionarios dicen poseer.&nbsp;Bodas y fandangos sopor\u00edferos, un discurso de la diosa Cent\u00e9otl demasiado largo, la participaci\u00f3n de una delegaci\u00f3n de \u00a1Santa Luc\u00eda del Camino!, un micro municipio conocido por sus antros, drogas, violencia y abusos policiacos antes que&nbsp;por&nbsp;una vestimenta tradicional que nadie conoc\u00eda.&nbsp;<\/p>\n\n\n\n<p>La cereza del pastel fue la cantante Patricia Alcaraz que cambi\u00f3 la letra de una tradicional canci\u00f3n&nbsp;istme\u00f1a provocando una dura afrenta a su delegaci\u00f3n&nbsp;y a Oaxaca entera. El ostracismo debe ser su castigo.<\/p>\n\n\n\n<p>No&nbsp;pueden&nbsp;faltar los chantajes de sindicatos y organizaciones sociales, el exceso de borrachos por las calles y los pleitos a golpes en el centro. Olor a orines, basura por todos lados y&nbsp;las&nbsp;falsas&nbsp;expo ferias.&nbsp;<\/p>\n\n\n\n<p>El caso de la Secci\u00f3n 22 y su Guelaguetza espuria es aparte porque no solo fueron ampliamente desairados, sino que protagonizaron una ri\u00f1a a golpes por querer atravesarse,&nbsp;de manera violenta,&nbsp;al desfile de las delegaciones.<\/p>\n\n\n\n<p>La Guelaguetza necesita una reingenier\u00eda. Se trata de una fiesta de origen religioso y no c\u00edvico, y este es el detalle&nbsp;del&nbsp;por&nbsp;qu\u00e9&nbsp;no deben participar autoridades civiles.&nbsp;Los&nbsp;espa\u00f1oles, en su proceso evangelizador, asimilaron a Cent\u00e9otl en la Virgen del Carmen.<\/p>\n\n\n\n<p>Debemos entender el contexto en el que&nbsp;naci\u00f3&nbsp;la Guelaguetza como \u201chomenaje racial\u201d en 1932&nbsp;y se le dio un cariz c\u00edvico a una festividad religiosa.&nbsp;Reci\u00e9n hab\u00eda concluido la Guerra Cristera y&nbsp;la actitud del gobierno era antirreligiosa, jacobina.&nbsp;Apenas en la Navidad de 1930, Pascual Ortiz Rubio hab\u00eda intentado sustituir la Navidad por una fiesta \u00e9tnica en que, en lugar de Santa Claus, ser\u00eda Quetzalc\u00f3atl quien&nbsp;descender\u00eda de una pir\u00e1mide de utiler\u00eda,&nbsp;para regalar&nbsp;juguetes a los ni\u00f1os. Desde la SEP se promov\u00edan a las razas de la naci\u00f3n mexicana y se buscaban las glorias de nuestro pasado para construir la historia de bronce de la revoluci\u00f3n.&nbsp;El \u00e1nimo oficial&nbsp;orillaba a revivir viejas tradiciones, pero de manera c\u00edvica y gobiernista, con funcionarios p\u00fablicos&nbsp;ocupando el lugar de&nbsp;los antiguos sacerdotes.<\/p>\n\n\n\n<p>La Guelaguetza se ha convertido en campo de batalla por que el gobierno se la apropi\u00f3. Le quit\u00f3 la religiosidad que fue su origen y le&nbsp;da&nbsp;un uso&nbsp;y sentido&nbsp;pol\u00edtico, lo que justifica protestas, desfiguros y gorrones.&nbsp;Ponerla al servicio del turista a fin de traer recursos es otro error que nos cuesta identidad cultural, pero que debemos soportar para&nbsp;sostener muchas fuentes de trabajo&nbsp;que de otra manera no existir\u00edan.&nbsp;Al eliminar el car\u00e1cter oficial de las festividades se quitar\u00e1 el&nbsp;im\u00e1n&nbsp;para los eternos chantajes&nbsp;y hasta se acabar\u00eda el pretexto para la Guelaguetza del odio de la Secci\u00f3n 22.<\/p>\n\n\n\n<p>Los Lunes del Cerro actuales fueron una respuesta a la tragedia del terremoto de 1931, pero tambi\u00e9n&nbsp;el resultado de&nbsp;contextos&nbsp;y&nbsp;pol\u00edticas p\u00fablicas que el r\u00e9gimen&nbsp;autoritario&nbsp;impon\u00eda a trav\u00e9s de la SEP.&nbsp;Los agravios de hoy son por el car\u00e1cter oficial de la fiesta.<\/p>\n\n\n\n<p><a href=\"mailto:nestroyuri@yahoo.com\">nestroyuri@yahoo.com<\/a><\/p>\n","protected":false},"excerpt":{"rendered":"<p>N\u00e9stor Y. S\u00e1nchez Islas El contexto de las fiestas de los Lunes del Cerro no&hellip;<\/p>\n","protected":false},"author":2,"featured_media":67897,"comment_status":"closed","ping_status":"open","sticky":false,"template":"","format":"standard","meta":{"_lmt_disableupdate":"","_lmt_disable":"","_jetpack_memberships_contains_paid_content":false,"footnotes":""},"categories":[456,109],"tags":[3050],"class_list":["post-70959","post","type-post","status-publish","format-standard","has-post-thumbnail","hentry","category-columna","category-minuto-a-minuto","tag-nestor-yuri-sanchez"],"jetpack_featured_media_url":"https:\/\/zonaroja.com.mx\/wp-content\/uploads\/2024\/05\/Opinion-Nestor-Yuri-Sanchez.jpeg","jetpack_sharing_enabled":true,"_links":{"self":[{"href":"https:\/\/zonaroja.com.mx\/index.php?rest_route=\/wp\/v2\/posts\/70959","targetHints":{"allow":["GET"]}}],"collection":[{"href":"https:\/\/zonaroja.com.mx\/index.php?rest_route=\/wp\/v2\/posts"}],"about":[{"href":"https:\/\/zonaroja.com.mx\/index.php?rest_route=\/wp\/v2\/types\/post"}],"author":[{"embeddable":true,"href":"https:\/\/zonaroja.com.mx\/index.php?rest_route=\/wp\/v2\/users\/2"}],"replies":[{"embeddable":true,"href":"https:\/\/zonaroja.com.mx\/index.php?rest_route=%2Fwp%2Fv2%2Fcomments&post=70959"}],"version-history":[{"count":1,"href":"https:\/\/zonaroja.com.mx\/index.php?rest_route=\/wp\/v2\/posts\/70959\/revisions"}],"predecessor-version":[{"id":70960,"href":"https:\/\/zonaroja.com.mx\/index.php?rest_route=\/wp\/v2\/posts\/70959\/revisions\/70960"}],"wp:featuredmedia":[{"embeddable":true,"href":"https:\/\/zonaroja.com.mx\/index.php?rest_route=\/wp\/v2\/media\/67897"}],"wp:attachment":[{"href":"https:\/\/zonaroja.com.mx\/index.php?rest_route=%2Fwp%2Fv2%2Fmedia&parent=70959"}],"wp:term":[{"taxonomy":"category","embeddable":true,"href":"https:\/\/zonaroja.com.mx\/index.php?rest_route=%2Fwp%2Fv2%2Fcategories&post=70959"},{"taxonomy":"post_tag","embeddable":true,"href":"https:\/\/zonaroja.com.mx\/index.php?rest_route=%2Fwp%2Fv2%2Ftags&post=70959"}],"curies":[{"name":"wp","href":"https:\/\/api.w.org\/{rel}","templated":true}]}}