{"id":70961,"date":"2024-08-01T14:38:20","date_gmt":"2024-08-01T20:38:20","guid":{"rendered":"https:\/\/zonaroja.com.mx\/?p=70961"},"modified":"2024-08-01T14:38:22","modified_gmt":"2024-08-01T20:38:22","slug":"cuatro-fallecidos-y-20-lesionados-saldo-de-accidente-en-supercarretera","status":"publish","type":"post","link":"https:\/\/zonaroja.com.mx\/?p=70961","title":{"rendered":"Cuatro fallecidos y 20 lesionados, saldo de accidente en supercarretera"},"content":{"rendered":"\n<p>Redacci\u00f3n\/Zona Roja.<\/p>\n\n\n\n<p>Oaxaca de Ju\u00e1rez, Oax., a 1 de agosto de 2024.- Un saldo preliminar de cuatro personas fallecidas y 20 lesionadas, dej\u00f3 el accidente de un autob\u00fas la madrugada de hoy en la supercarretera Oaxaca-Cuacnopalan.<\/p>\n\n\n\n<p>La Fiscal\u00eda General del Estado de Oaxaca (FGEO) inform\u00f3 que realiza labores periciales y de investigaci\u00f3n, luego de un percance ocurrido en el kil\u00f3metro 92+600 de la mencionada v\u00eda r\u00e1pida.<\/p>\n\n\n\n<p>Las personas heridas fueron canalizadas a hospitales de Tehuac\u00e1n, Puebla, donde contin\u00faan recibiendo atenci\u00f3n m\u00e9dica.<\/p>\n\n\n\n<p>Mientras que las personas fallecidas fueron identificadas como Domingo Ord\u00f3\u00f1ez Antonio, de 51 a\u00f1os de edad, originario de Chiapas; Cristian An\u00edbal G\u00f3mez S\u00e1nchez, 40 a\u00f1os, de Juchit\u00e1n, conductor del autob\u00fas; Marylin G. J., de 19 a\u00f1os, de Santa Mar\u00eda Mixtequilla, y Mar\u00eda Guadalupe D. S., de 13 a\u00f1os, originaria de Chiapas.<\/p>\n\n\n\n<p>El accidente sucedi\u00f3 en la citada carretera, cuando un autob\u00fas de pasajeros marca Mercedes Benz con placas de circulaci\u00f3n 87-RC-113 dedicado al autotransporte federal, sufri\u00f3 una volcadura.<\/p>\n\n\n\n<p>A partir de las labores iniciales realizadas en el lugar de los hechos, la FGEO estableci\u00f3 que el veh\u00edculo transportaba a estudiantes de la Escuela-Hogar \u201cVilla de los Ni\u00f1os Hermanos de Mar\u00eda\u201d, un colegio ubicado en Chalco de D\u00edaz Covarrubias, en el Estado de M\u00e9xico.<\/p>\n\n\n\n<p>Al tener conocimiento de los hechos, la Fiscal\u00eda General del Estado de Oaxaca despleg\u00f3 un equipo multidisciplinario para iniciar los actos de investigaci\u00f3n correspondientes y recabar los indicios que permitan conocer las causas del accidente.<\/p>\n","protected":false},"excerpt":{"rendered":"<p>Redacci\u00f3n\/Zona Roja. Oaxaca de Ju\u00e1rez, Oax., a 1 de agosto de 2024.- Un saldo preliminar&hellip;<\/p>\n","protected":false},"author":2,"featured_media":70962,"comment_status":"closed","ping_status":"open","sticky":false,"template":"","format":"standard","meta":{"_lmt_disableupdate":"","_lmt_disable":"","_jetpack_memberships_contains_paid_content":false,"footnotes":""},"categories":[109,51],"tags":[3917],"class_list":["post-70961","post","type-post","status-publish","format-standard","has-post-thumbnail","hentry","category-minuto-a-minuto","category-zona-roja","tag-accidente-carretero-oaxaca"],"jetpack_featured_media_url":"https:\/\/zonaroja.com.mx\/wp-content\/uploads\/2024\/08\/Autobus-accidentado-supercarretera-a-Mexico.jpg","jetpack_sharing_enabled":true,"_links":{"self":[{"href":"https:\/\/zonaroja.com.mx\/index.php?rest_route=\/wp\/v2\/posts\/70961","targetHints":{"allow":["GET"]}}],"collection":[{"href":"https:\/\/zonaroja.com.mx\/index.php?rest_route=\/wp\/v2\/posts"}],"about":[{"href":"https:\/\/zonaroja.com.mx\/index.php?rest_route=\/wp\/v2\/types\/post"}],"author":[{"embeddable":true,"href":"https:\/\/zonaroja.com.mx\/index.php?rest_route=\/wp\/v2\/users\/2"}],"replies":[{"embeddable":true,"href":"https:\/\/zonaroja.com.mx\/index.php?rest_route=%2Fwp%2Fv2%2Fcomments&post=70961"}],"version-history":[{"count":1,"href":"https:\/\/zonaroja.com.mx\/index.php?rest_route=\/wp\/v2\/posts\/70961\/revisions"}],"predecessor-version":[{"id":70963,"href":"https:\/\/zonaroja.com.mx\/index.php?rest_route=\/wp\/v2\/posts\/70961\/revisions\/70963"}],"wp:featuredmedia":[{"embeddable":true,"href":"https:\/\/zonaroja.com.mx\/index.php?rest_route=\/wp\/v2\/media\/70962"}],"wp:attachment":[{"href":"https:\/\/zonaroja.com.mx\/index.php?rest_route=%2Fwp%2Fv2%2Fmedia&parent=70961"}],"wp:term":[{"taxonomy":"category","embeddable":true,"href":"https:\/\/zonaroja.com.mx\/index.php?rest_route=%2Fwp%2Fv2%2Fcategories&post=70961"},{"taxonomy":"post_tag","embeddable":true,"href":"https:\/\/zonaroja.com.mx\/index.php?rest_route=%2Fwp%2Fv2%2Ftags&post=70961"}],"curies":[{"name":"wp","href":"https:\/\/api.w.org\/{rel}","templated":true}]}}