{"id":70968,"date":"2024-08-01T18:59:51","date_gmt":"2024-08-02T00:59:51","guid":{"rendered":"https:\/\/zonaroja.com.mx\/?p=70968"},"modified":"2024-08-01T18:59:54","modified_gmt":"2024-08-02T00:59:54","slug":"celebraran-primer-aniversario-de-sinfonica-y-coro-de-la-central-de-abasto","status":"publish","type":"post","link":"https:\/\/zonaroja.com.mx\/?p=70968","title":{"rendered":"Celebrar\u00e1n primer aniversario de Sinf\u00f3nica y coro de la Central de Abasto"},"content":{"rendered":"\n<p>Redacci\u00f3n\/Zona Roja.<\/p>\n\n\n\n<p>Oaxaca de Ju\u00e1rez, Oax., a 1 de agosto de 2024.- El ayuntamiento de Oaxaca de Ju\u00e1rez, a trav\u00e9s del DIF Municipal, invita a ni\u00f1as, ni\u00f1os, j\u00f3venes y personas adultas al concierto con motivo del primer aniversario de la Orquesta Sinf\u00f3nica y Coro de la Central de Abasto con Esperanza Azteca.&nbsp;<\/p>\n\n\n\n<p>Se llevar\u00e1 a cabo ma\u00f1ana 2 de agosto a las 17:00 horas en la Plaza de \u201cLa Cruz de Piedra\u201d de la capital, con la finalidad generar una convivencia al aire libre y de esa manera, las familias disfruten del evento que se realizar\u00e1 bajo la direcci\u00f3n del maestro Pedro Cervantes Ojeda.<\/p>\n\n\n\n<p>Ni\u00f1as y ni\u00f1os que integran esta importante agrupaci\u00f3n, conformada a iniciativa del presidente municipal, Francisco Mart\u00ednez Neri, y gracias al impulso de la presidenta honoraria del Sistema DIF Municipal, Bernarda Gonz\u00e1lez Rivas, deleitar\u00e1n al p\u00fablico local y extranjero que contin\u00faa disfrutando de la capital luego de las fiestas de \u201cJulio, mes de la Guelaguetza\u201d.&nbsp;&nbsp;<\/p>\n\n\n\n<p>La Orquesta Sinf\u00f3nica y Coro de la Central de Abasto con Esperanza Azteca es una de las cuatro orquestas sinf\u00f3nicas y coros \u201cEsperanza Azteca\u201d en el pa\u00eds, lo que demuestra el alto compromiso del Ayuntamiento capitalino por impulsar actividades art\u00edsticas para el disfrute y alcance de todos los sectores de la sociedad.&nbsp;<\/p>\n\n\n\n<p>Cabe resaltar que a lo largo del a\u00f1o, la orquesta ha dado acompa\u00f1amiento a eventos de gran relevancia en la capital, con lo que se promueve la cultura y se fomenta el arte desde el \u00e1mbito musical.<\/p>\n","protected":false},"excerpt":{"rendered":"<p>Redacci\u00f3n\/Zona Roja. Oaxaca de Ju\u00e1rez, Oax., a 1 de agosto de 2024.- El ayuntamiento de&hellip;<\/p>\n","protected":false},"author":2,"featured_media":70969,"comment_status":"closed","ping_status":"open","sticky":false,"template":"","format":"standard","meta":{"_lmt_disableupdate":"","_lmt_disable":"","_jetpack_memberships_contains_paid_content":false,"footnotes":""},"categories":[109,46],"tags":[148],"class_list":["post-70968","post","type-post","status-publish","format-standard","has-post-thumbnail","hentry","category-minuto-a-minuto","category-zona-blanca","tag-oaxaca-de-juarez"],"jetpack_featured_media_url":"https:\/\/zonaroja.com.mx\/wp-content\/uploads\/2024\/08\/Orquesta-Esperanza-Azteca-y-Coro-Central-de-Abasto.jpeg","jetpack_sharing_enabled":true,"_links":{"self":[{"href":"https:\/\/zonaroja.com.mx\/index.php?rest_route=\/wp\/v2\/posts\/70968","targetHints":{"allow":["GET"]}}],"collection":[{"href":"https:\/\/zonaroja.com.mx\/index.php?rest_route=\/wp\/v2\/posts"}],"about":[{"href":"https:\/\/zonaroja.com.mx\/index.php?rest_route=\/wp\/v2\/types\/post"}],"author":[{"embeddable":true,"href":"https:\/\/zonaroja.com.mx\/index.php?rest_route=\/wp\/v2\/users\/2"}],"replies":[{"embeddable":true,"href":"https:\/\/zonaroja.com.mx\/index.php?rest_route=%2Fwp%2Fv2%2Fcomments&post=70968"}],"version-history":[{"count":1,"href":"https:\/\/zonaroja.com.mx\/index.php?rest_route=\/wp\/v2\/posts\/70968\/revisions"}],"predecessor-version":[{"id":70970,"href":"https:\/\/zonaroja.com.mx\/index.php?rest_route=\/wp\/v2\/posts\/70968\/revisions\/70970"}],"wp:featuredmedia":[{"embeddable":true,"href":"https:\/\/zonaroja.com.mx\/index.php?rest_route=\/wp\/v2\/media\/70969"}],"wp:attachment":[{"href":"https:\/\/zonaroja.com.mx\/index.php?rest_route=%2Fwp%2Fv2%2Fmedia&parent=70968"}],"wp:term":[{"taxonomy":"category","embeddable":true,"href":"https:\/\/zonaroja.com.mx\/index.php?rest_route=%2Fwp%2Fv2%2Fcategories&post=70968"},{"taxonomy":"post_tag","embeddable":true,"href":"https:\/\/zonaroja.com.mx\/index.php?rest_route=%2Fwp%2Fv2%2Ftags&post=70968"}],"curies":[{"name":"wp","href":"https:\/\/api.w.org\/{rel}","templated":true}]}}