{"id":70971,"date":"2024-08-01T19:20:44","date_gmt":"2024-08-02T01:20:44","guid":{"rendered":"https:\/\/zonaroja.com.mx\/?p=70971"},"modified":"2024-08-01T19:20:46","modified_gmt":"2024-08-02T01:20:46","slug":"conflictos-agrarios-dejaron-24-muertos-el-ano-pasado-este-ano-ninguno","status":"publish","type":"post","link":"https:\/\/zonaroja.com.mx\/?p=70971","title":{"rendered":"Conflictos agrarios dejaron 24 muertos el a\u00f1o pasado; este a\u00f1o ninguno"},"content":{"rendered":"\n<p>Raymundo Morales\/Zona Roja.<\/p>\n\n\n\n<p>Oaxaca de Ju\u00e1rez, Oax., a 1 de agosto de 2024.- La Secretar\u00eda de Gobierno de Oaxaca reconoci\u00f3 que los conflictos agrarios en la entidad dejaron un saldo de 24 personas asesinadas durante el a\u00f1o pasado.<\/p>\n\n\n\n<p>En tanto que este a\u00f1o no se ha registrado ninguna v\u00edctima, resultado de la instalaci\u00f3n de mesas agrarias, inform\u00f3 en conferencia de prensa el titular de la dependencia, Jes\u00fas Romero L\u00f3pez.<\/p>\n\n\n\n<p>Del saldo fatal, de acuerdo con informaci\u00f3n que dio a conocer, son uno por el caso Santiago Amoltepec-San Mateo Yucutindoo; 10 por Santiago Mitlatongo-Santa Cruz Mitlatongo; ocho por San Miguel El Grande-Llano de Guadalupe; tres por Ejido Yucat\u00e1n-Ejido Cacahuatal, San Lucas Ojitl\u00e1n, y dos por Santo Domingo Yoso\u00f1ama-San Juan Mixtepec.<\/p>\n\n\n\n<p>Por otra parte, alert\u00f3 del resurgimiento del conflicto entre San Juan Mixtepec y Santo Domingo Yoso\u00f1ama, en la regi\u00f3n Mixteca.<\/p>\n\n\n\n<p>Ayer mi\u00e9rcoles, mientras una representaci\u00f3n de Mixtepec era atendida por autoridades gubernamentales en la capital, otro grupo azuz\u00f3 el conflicto contra la comunidad de La Paz y da\u00f1\u00f3 un sistema de p\u00e1neles solares, que sirven para suministrar agua potable.<\/p>\n\n\n\n<p>Una acci\u00f3n similar ocurri\u00f3 d\u00edas antes en otra localidad de Yoso\u00f1ama, al da\u00f1ar un tanque de agua potable.<\/p>\n\n\n\n<p>\u201cMe preocupa mucho la actitud que est\u00e1 tomando San Juan Mixtepec con Santo Domingo Yoso\u00f1ama\u201d, dijo, al lamentar el doble discurso de Mixtepec, pues mientras eran atendidos en la ciudad de Oaxaca, otro grupo azuzaba la violencia en la zona.<\/p>\n\n\n\n<p>\u201cHago un llamado a que Mixtepec no tenga doble discurso, particularmente un&nbsp; grupo radical, el presidente municipal y comisariado\u2026 no se vale venir aqu\u00ed con cara de buena gente y por otro lado provocar conflictos\u201d, dijo.<\/p>\n\n\n\n<p>Inform\u00f3 que se dar\u00e1 vista de las recientes agresiones a la Fiscal\u00eda General del Estado de Oaxaca, para que inicie las indagatorias correspondientes.<\/p>\n\n\n\n<p>\u201cS\u00e9 que van a decir que no, pero que el pueblo sepa que si hay una situaci\u00f3n de violencia que estalle, es la omisi\u00f3n de un sector radical (de Mixtepec) que quiere violencia, confrontaci\u00f3n\u201d.<\/p>\n\n\n\n<p>Indic\u00f3 que por la parte gubernamental, hay vigilancia de la Polic\u00eda Estatal y de la Guardia Nacional en la zona de conflicto, al tiempo de convocar a las partes involucradas a privilegiar el di\u00e1logo para solucionar la problem\u00e1tica.<\/p>\n","protected":false},"excerpt":{"rendered":"<p>Raymundo Morales\/Zona Roja. Oaxaca de Ju\u00e1rez, Oax., a 1 de agosto de 2024.- La Secretar\u00eda&hellip;<\/p>\n","protected":false},"author":2,"featured_media":70972,"comment_status":"closed","ping_status":"open","sticky":false,"template":"","format":"standard","meta":{"_lmt_disableupdate":"","_lmt_disable":"","_jetpack_memberships_contains_paid_content":false,"footnotes":""},"categories":[109,47],"tags":[675],"class_list":["post-70971","post","type-post","status-publish","format-standard","has-post-thumbnail","hentry","category-minuto-a-minuto","category-zona-gris","tag-conflictos-agrarios-oaxaca"],"jetpack_featured_media_url":"https:\/\/zonaroja.com.mx\/wp-content\/uploads\/2024\/08\/Conflicto-Yosonama.jpg","jetpack_sharing_enabled":true,"_links":{"self":[{"href":"https:\/\/zonaroja.com.mx\/index.php?rest_route=\/wp\/v2\/posts\/70971","targetHints":{"allow":["GET"]}}],"collection":[{"href":"https:\/\/zonaroja.com.mx\/index.php?rest_route=\/wp\/v2\/posts"}],"about":[{"href":"https:\/\/zonaroja.com.mx\/index.php?rest_route=\/wp\/v2\/types\/post"}],"author":[{"embeddable":true,"href":"https:\/\/zonaroja.com.mx\/index.php?rest_route=\/wp\/v2\/users\/2"}],"replies":[{"embeddable":true,"href":"https:\/\/zonaroja.com.mx\/index.php?rest_route=%2Fwp%2Fv2%2Fcomments&post=70971"}],"version-history":[{"count":1,"href":"https:\/\/zonaroja.com.mx\/index.php?rest_route=\/wp\/v2\/posts\/70971\/revisions"}],"predecessor-version":[{"id":70973,"href":"https:\/\/zonaroja.com.mx\/index.php?rest_route=\/wp\/v2\/posts\/70971\/revisions\/70973"}],"wp:featuredmedia":[{"embeddable":true,"href":"https:\/\/zonaroja.com.mx\/index.php?rest_route=\/wp\/v2\/media\/70972"}],"wp:attachment":[{"href":"https:\/\/zonaroja.com.mx\/index.php?rest_route=%2Fwp%2Fv2%2Fmedia&parent=70971"}],"wp:term":[{"taxonomy":"category","embeddable":true,"href":"https:\/\/zonaroja.com.mx\/index.php?rest_route=%2Fwp%2Fv2%2Fcategories&post=70971"},{"taxonomy":"post_tag","embeddable":true,"href":"https:\/\/zonaroja.com.mx\/index.php?rest_route=%2Fwp%2Fv2%2Ftags&post=70971"}],"curies":[{"name":"wp","href":"https:\/\/api.w.org\/{rel}","templated":true}]}}