{"id":70974,"date":"2024-08-01T19:24:01","date_gmt":"2024-08-02T01:24:01","guid":{"rendered":"https:\/\/zonaroja.com.mx\/?p=70974"},"modified":"2024-08-01T19:24:02","modified_gmt":"2024-08-02T01:24:02","slug":"registra-oaxaca-tres-muertes-por-dengue-este-ano-hay-49-decesos-en-estudio","status":"publish","type":"post","link":"https:\/\/zonaroja.com.mx\/?p=70974","title":{"rendered":"Registra Oaxaca tres muertes por dengue este a\u00f1o; hay 49 decesos en estudio"},"content":{"rendered":"\n<p>Raymundo Morales\/Zona Roja.<\/p>\n\n\n\n<p>Oaxaca de Ju\u00e1rez, Oax., a 1 de agosto de 2024.- La dependencia estatal Servicios de Salud de Oaxaca (SSO) inform\u00f3 que este jueves 1 de agosto del a\u00f1o en curso se tiene el reporte de 15 defunciones descartadas, tres confirmadas y 49 en estudio relacionadas a la enfermedad.&nbsp;<\/p>\n\n\n\n<p>En un comunicado, el Gobierno del Estado indic\u00f3 que a la semana epidemiol\u00f3gica n\u00famero 30, seg\u00fan el dictamen avalado por el Comit\u00e9 Nacional para la Vigilancia Epidemiol\u00f3gica, se confirma el deceso por dengue de una adolescente de 15 a\u00f1os de edad originaria Santiago Jamiltepec, con fecha de defunci\u00f3n 12 de enero de 2024, as\u00ed como de un masculino de ocho a\u00f1os procedente de Santa Mar\u00eda Colotepec, con fecha de defunci\u00f3n 5 de junio de 2024.<\/p>\n\n\n\n<p>Abund\u00f3 que en lo que va del a\u00f1o suman tres muertes a causa del virus, as\u00ed tambi\u00e9n se mantienen 49 casos bajo estudio y en espera de dictaminaci\u00f3n por parte de la autoridad sanitaria federal.&nbsp;<\/p>\n\n\n\n<p>Por lo anterior, la dependencia hace un llamado a la ciudadan\u00eda a no bajar la guardia y reforzar las acciones preventivas a fin de eliminar todos los posibles sitios que se puedan convertir en criaderos del zancudo, siguiendo la estrategia \u201cLava, Tapa, Voltea y Tira\u201d.&nbsp;<\/p>\n\n\n\n<p>Las brigadas de vectores continuar\u00e1n de manera exhaustiva con su labor de prevenci\u00f3n y durante las pr\u00f3ximas semanas se priorizar\u00e1n las zonas donde existe un riesgo mayor por la temporada de lluvias, con acciones de sensibilizar a la poblaci\u00f3n sobre los cuidados preventivos, con un enfoque especial en viviendas renuentes para extender la vigilancia y mantener zonas libres de criaderos.&nbsp;<\/p>\n\n\n\n<p>Finalmente, SSO pide a la poblaci\u00f3n mantenerse corresponsable en el combate contra el dengue e insiste que es necesario contar con la participaci\u00f3n de todos los integrantes de las familias para reforzar el saneamiento b\u00e1sico dentro y fuera de las casas.<\/p>\n","protected":false},"excerpt":{"rendered":"<p>Raymundo Morales\/Zona Roja. Oaxaca de Ju\u00e1rez, Oax., a 1 de agosto de 2024.- La dependencia&hellip;<\/p>\n","protected":false},"author":2,"featured_media":70029,"comment_status":"closed","ping_status":"open","sticky":false,"template":"","format":"standard","meta":{"_lmt_disableupdate":"","_lmt_disable":"","_jetpack_memberships_contains_paid_content":false,"footnotes":""},"categories":[109,47],"tags":[804],"class_list":["post-70974","post","type-post","status-publish","format-standard","has-post-thumbnail","hentry","category-minuto-a-minuto","category-zona-gris","tag-dengue-en-oaxaca"],"jetpack_featured_media_url":"https:\/\/zonaroja.com.mx\/wp-content\/uploads\/2024\/07\/Dengue-mosco-transmisor.jpeg","jetpack_sharing_enabled":true,"_links":{"self":[{"href":"https:\/\/zonaroja.com.mx\/index.php?rest_route=\/wp\/v2\/posts\/70974","targetHints":{"allow":["GET"]}}],"collection":[{"href":"https:\/\/zonaroja.com.mx\/index.php?rest_route=\/wp\/v2\/posts"}],"about":[{"href":"https:\/\/zonaroja.com.mx\/index.php?rest_route=\/wp\/v2\/types\/post"}],"author":[{"embeddable":true,"href":"https:\/\/zonaroja.com.mx\/index.php?rest_route=\/wp\/v2\/users\/2"}],"replies":[{"embeddable":true,"href":"https:\/\/zonaroja.com.mx\/index.php?rest_route=%2Fwp%2Fv2%2Fcomments&post=70974"}],"version-history":[{"count":1,"href":"https:\/\/zonaroja.com.mx\/index.php?rest_route=\/wp\/v2\/posts\/70974\/revisions"}],"predecessor-version":[{"id":70975,"href":"https:\/\/zonaroja.com.mx\/index.php?rest_route=\/wp\/v2\/posts\/70974\/revisions\/70975"}],"wp:featuredmedia":[{"embeddable":true,"href":"https:\/\/zonaroja.com.mx\/index.php?rest_route=\/wp\/v2\/media\/70029"}],"wp:attachment":[{"href":"https:\/\/zonaroja.com.mx\/index.php?rest_route=%2Fwp%2Fv2%2Fmedia&parent=70974"}],"wp:term":[{"taxonomy":"category","embeddable":true,"href":"https:\/\/zonaroja.com.mx\/index.php?rest_route=%2Fwp%2Fv2%2Fcategories&post=70974"},{"taxonomy":"post_tag","embeddable":true,"href":"https:\/\/zonaroja.com.mx\/index.php?rest_route=%2Fwp%2Fv2%2Ftags&post=70974"}],"curies":[{"name":"wp","href":"https:\/\/api.w.org\/{rel}","templated":true}]}}