{"id":70976,"date":"2024-08-01T21:12:47","date_gmt":"2024-08-02T03:12:47","guid":{"rendered":"https:\/\/zonaroja.com.mx\/?p=70976"},"modified":"2024-08-01T21:12:49","modified_gmt":"2024-08-02T03:12:49","slug":"vinculan-a-proceso-a-sujetos-que-explotaban-laboralmente-a-ninos-de-chiapas","status":"publish","type":"post","link":"https:\/\/zonaroja.com.mx\/?p=70976","title":{"rendered":"Vinculan a proceso a sujetos que explotaban laboralmente a ni\u00f1os de Chiapas"},"content":{"rendered":"\n<p>Redacci\u00f3n\/Zona Roja.<\/p>\n\n\n\n<p>Oaxaca de Ju\u00e1rez, Oax., a 1 de agosto de 2024.- La Fiscal\u00eda General del Estado de Oaxaca (FGEO) logr\u00f3 obtener auto de vinculaci\u00f3n a proceso contra dos personas del sexo masculino identificadas como P.J.H., alias \u00abEl C\u00e9sar\u00bb y P.J.H., alias \u00abEl Mariano\u00bb, por el delito de Trata de Personas Agravado, en su modalidad de captaci\u00f3n, traslado y alojamiento con fines de Explotaci\u00f3n Laboral y Explotaci\u00f3n Laboral Agravado.<\/p>\n\n\n\n<p>Este delito fue cometido en agravio de nueve ni\u00f1os y adolescentes, cuyas edades oscilan entre los 11 y 16 a\u00f1os, pertenecientes a la etnia Tzotzil de San Juan Chamula, en el estado de Chiapas, quienes viv\u00edan en condiciones insalubres y de hacinamiento en un domicilio ubicado en calle Prolongaci\u00f3n Nu\u00f1o del Mercado de la agencia de San Juan Chapultepec, en el municipio de Oaxaca de Ju\u00e1rez, en la regi\u00f3n de los Valles Centrales.<\/p>\n\n\n\n<p>De acuerdo con el expediente penal del caso, el 17 de julio de 2024, a trav\u00e9s de un operativo estrat\u00e9gico derivado de las indagatorias realizadas a partir la denuncia formulada por la Procuradur\u00eda Estatal de Protecci\u00f3n de los Derechos de Ni\u00f1as, Ni\u00f1os y Adolescentes del Estado de Oaxaca (Prodennao), elementos de la Agencia Estatal de Investigaciones (AEI) lograron la detenci\u00f3n de dos sujetos en flagrancia, que obligaban a los menores de edad a vender dulces y cigarros en las calles del centro de la ciudad de Oaxaca, laborando todos los d\u00edas de la semana en horarios excesivos.<\/p>\n\n\n\n<p>El rescate de los menores de edad se logr\u00f3 gracias a las investigaciones ministeriales que la FGEO a trav\u00e9s de la Vicefiscal\u00eda Regional de Valles Centrales, por lo que las v\u00edctimas quedaron bajo resguardo del Sistema Estatal para el Desarrollo Integral de la Familia (DIF).<\/p>\n\n\n\n<p>Durante el desahogo de audiencia y tras las pruebas presentadas por la FGEO, el Juez en turno dict\u00f3 auto de vinculaci\u00f3n a proceso para P.J.H., alias \u00abEl C\u00e9sar\u00bb y P.J.H., alias \u00abEl Mariano\u00bb por el delito de Trata de Personas Agravado, en su modalidad de captaci\u00f3n, traslado y alojamiento con fines de Explotaci\u00f3n Laboral y Explotaci\u00f3n Laboral Agravado, decretando la medida cautelar de prisi\u00f3n preventiva justificada, concediendo un plazo de cuatro meses para el cierre de la investigaci\u00f3n complementaria.<\/p>\n\n\n\n<p>IMPUTADO POR VIOLENCIA&nbsp;<\/p>\n\n\n\n<p>En otro caso, obtuvo auto de vinculaci\u00f3n a proceso y prisi\u00f3n preventiva en contra de una persona del sexo masculino identificada como L.A.C.D., por el delito de violencia familiar cometido en agravio de su pareja L.R.S.R., hechos ocurridos en la regi\u00f3n de la Costa.<\/p>\n\n\n\n<p>De acuerdo con lo asentado en el expediente penal del caso, la v\u00edctima fue agredida el 25 de junio de 2024, en el interior de un domicilio ubicado en el \u00abBarrio Grande\u00bb del municipio de Santa Catarina Juquila.<\/p>\n\n\n\n<p>Tras la denuncia interpuesta, la FGEO tom\u00f3 conocimiento del caso y, a trav\u00e9s de la Vicefiscal\u00eda Regional de la Costa, inici\u00f3 las investigaciones correspondientes, logrando obtener una orden de aprehensi\u00f3n contra L.A.C.D., quien fue detenido por elementos de la Agencia Estatal de Investigaciones (AEI) para posteriormente presentarlo ante el juzgado correspondiente.<\/p>\n\n\n\n<p>Una vez presentado ante la autoridad competente y tras aportar las pruebas ministeriales, el Juez que atiende la causa dict\u00f3 auto de vinculaci\u00f3n a proceso en contra del imputado por el delito de violencia familiar e impuso la medida cautelar de prisi\u00f3n preventiva justificada, otorgando el plazo de dos meses para el cierre de investigaci\u00f3n complementaria<\/p>\n\n\n\n<p>CONTRA HOMICIDA&nbsp;<\/p>\n\n\n\n<p>En tanto que las labores de investigaci\u00f3n especializada en delitos de alto impacto que realiza la Fiscal\u00eda General del Estado de Oaxaca (FGEO) dieron como resultado la obtenci\u00f3n de una fallo condenatorio en contra de una persona del sexo masculino identificada como Daniel O. L., alias \u00abEl Culeco\u00bb, por el delito de Homicidio Calificado con Ventaja en grado de Tentativa, ocurrido en la regi\u00f3n de la Costa.<\/p>\n\n\n\n<p>De acuerdo al expediente penal, los hechos ocurrieron el 3 de enero de 2023, fecha en que la v\u00edctima M.N.R.B. se encontraba en inmediaciones del callej\u00f3n Tamarindos, en Mazunte,&nbsp;perteneciente al municipio de Santa Mar\u00eda Tonameca, lugar hasta donde lleg\u00f3 Daniel O. L., alias \u00abEl Culeco\u00bb, y la agredi\u00f3, primero de manera verbal y posteriormente forceje\u00f3 y atac\u00f3 con un objeto corto-contundente (cuchillo) caus\u00e1ndole diversas heridas en el cuerpo que pusieron en peligro su vida.<\/p>\n\n\n\n<p>Ante tal situaci\u00f3n y tras la denuncia interpuesta ante la FGEO, se iniciaron los trObtiene FGEO vinculaci\u00f3n a proceso y prisi\u00f3n contra imputado por homicidio cometido en la Mixteca<\/p>\n\n\n\n<p>OTRO HOMICIDA<\/p>\n\n\n\n<p>Adem\u00e1s, la Fiscal\u00eda General obtuvo del Juzgado de Control, auto de vinculaci\u00f3n a proceso y prisi\u00f3n preventiva en contra de una persona del sexo masculino identificada como E.B.F., por el delito de Homicidio Calificado en agravio de un hombre que en vida respondi\u00f3 al nombre de J.P.A.U., cometido en la regi\u00f3n de la Mixteca.<\/p>\n\n\n\n<p>De acuerdo con lo asentado en el expediente de la FGEO, el homicidio ocurri\u00f3 el d\u00eda 02 de marzo de 2012, cuando la v\u00edctima se encontraba en un terreno ubicado en el paraje conocido como La Cruz del Zapotalito, perteneciente al municipio de Zapotitl\u00e1n Lagunas del distrito de Silacayo\u00e1pam.<\/p>\n\n\n\n<p>El expediente penal detalla que, a dicho lugar lleg\u00f3 E.B.F. quien atac\u00f3 a la v\u00edctima con disparos de arma de fuego, infligiendo diversas lesiones que le provocaron la muerte.<\/p>\n\n\n\n<p>Tras estos hechos, la instancia procuradora de justicia, inici\u00f3 las investigaciones correspondientes a trav\u00e9s de la Vicefiscal\u00eda Regional de la Mixteca, gracias a las cuales fue posible la detenci\u00f3n de E.B.F., mismo que fue presentado ante el juzgado correspondiente.<\/p>\n\n\n\n<p>Derivado de los datos de prueba aportados por la FGEO, el Juez que atiende la causa decret\u00f3 como legal la detenci\u00f3n del imputado y determin\u00f3 vincularlo a proceso por el delito de Homicidio Calificado.<\/p>\n","protected":false},"excerpt":{"rendered":"<p>Redacci\u00f3n\/Zona Roja. Oaxaca de Ju\u00e1rez, Oax., a 1 de agosto de 2024.- La Fiscal\u00eda General&hellip;<\/p>\n","protected":false},"author":2,"featured_media":70934,"comment_status":"closed","ping_status":"open","sticky":false,"template":"","format":"standard","meta":{"_lmt_disableupdate":"","_lmt_disable":"","_jetpack_memberships_contains_paid_content":false,"footnotes":""},"categories":[109,46],"tags":[494],"class_list":["post-70976","post","type-post","status-publish","format-standard","has-post-thumbnail","hentry","category-minuto-a-minuto","category-zona-blanca","tag-fiscalia-general-del-estado-de-oaxaca"],"jetpack_featured_media_url":"https:\/\/zonaroja.com.mx\/wp-content\/uploads\/2024\/08\/Vinculados-a-trata-ninos-chiapanecos.jpg","jetpack_sharing_enabled":true,"_links":{"self":[{"href":"https:\/\/zonaroja.com.mx\/index.php?rest_route=\/wp\/v2\/posts\/70976","targetHints":{"allow":["GET"]}}],"collection":[{"href":"https:\/\/zonaroja.com.mx\/index.php?rest_route=\/wp\/v2\/posts"}],"about":[{"href":"https:\/\/zonaroja.com.mx\/index.php?rest_route=\/wp\/v2\/types\/post"}],"author":[{"embeddable":true,"href":"https:\/\/zonaroja.com.mx\/index.php?rest_route=\/wp\/v2\/users\/2"}],"replies":[{"embeddable":true,"href":"https:\/\/zonaroja.com.mx\/index.php?rest_route=%2Fwp%2Fv2%2Fcomments&post=70976"}],"version-history":[{"count":1,"href":"https:\/\/zonaroja.com.mx\/index.php?rest_route=\/wp\/v2\/posts\/70976\/revisions"}],"predecessor-version":[{"id":70977,"href":"https:\/\/zonaroja.com.mx\/index.php?rest_route=\/wp\/v2\/posts\/70976\/revisions\/70977"}],"wp:featuredmedia":[{"embeddable":true,"href":"https:\/\/zonaroja.com.mx\/index.php?rest_route=\/wp\/v2\/media\/70934"}],"wp:attachment":[{"href":"https:\/\/zonaroja.com.mx\/index.php?rest_route=%2Fwp%2Fv2%2Fmedia&parent=70976"}],"wp:term":[{"taxonomy":"category","embeddable":true,"href":"https:\/\/zonaroja.com.mx\/index.php?rest_route=%2Fwp%2Fv2%2Fcategories&post=70976"},{"taxonomy":"post_tag","embeddable":true,"href":"https:\/\/zonaroja.com.mx\/index.php?rest_route=%2Fwp%2Fv2%2Ftags&post=70976"}],"curies":[{"name":"wp","href":"https:\/\/api.w.org\/{rel}","templated":true}]}}