{"id":70978,"date":"2024-08-02T06:50:53","date_gmt":"2024-08-02T12:50:53","guid":{"rendered":"https:\/\/zonaroja.com.mx\/?p=70978"},"modified":"2024-08-02T06:50:55","modified_gmt":"2024-08-02T12:50:55","slug":"palestinos-exigen-venganza-por-muerte-de-su-lider-israel-amaga-con-mas-ataques","status":"publish","type":"post","link":"https:\/\/zonaroja.com.mx\/?p=70978","title":{"rendered":"Palestinos exigen venganza por muerte de su l\u00edder; Israel amaga con m\u00e1s ataques"},"content":{"rendered":"\n<p>Redacci\u00f3n\/Zona Roja Cdmx.<\/p>\n\n\n\n<p>Ciudad de M\u00e9xico, a 2 de agosto de 2024.- Miles de personas participaron este jueves en el funeral del jefe del bur\u00f3 pol\u00edtico del movimiento islamista palestino Ham\u00e1s, Ismail Haniyeh, en Teher\u00e1n, encabezado por el l\u00edder supremo del pa\u00eds, Ali Jamene\u00ed, quien se encarg\u00f3 de la oraci\u00f3n f\u00fanebre.<\/p>\n\n\n\n<p>La m\u00e1xima autoridad iran\u00ed presidi\u00f3, en el patio de la Universidad de Teher\u00e1n, el rezo ante los ata\u00fades de Haniyeh y de su guardaespaldas, identificado como Wasim Abu Shaaban, asesinados la madrugada del mi\u00e9rcoles en un ataque atribuido a Israel contra su residencia en la capital iran\u00ed.<\/p>\n\n\n\n<p>A la ceremonia tambi\u00e9n asistieron las autoridades estatales y militares iran\u00edes, como el presidente Masud Pezeshkian, as\u00ed como autoridades del llamado \u2018Eje de la Resistencia\u2019, una alianza informal aniisrael\u00ed, liderada por Teher\u00e1n.<\/p>\n\n\n\n<p>Despu\u00e9s de realizar la oraci\u00f3n f\u00fanebre, el l\u00edder supremo de Ir\u00e1n se despidi\u00f3 de Haniyeh y se solidariz\u00f3 con sus hijos presentes en el acto funerario.<\/p>\n\n\n\n<p>Posteriormente, miles de personas que se hab\u00edan congregado cerca del recinto universitario, acompa\u00f1aron el f\u00e9retro del l\u00edder de Hamas y su escolta hasta la emblem\u00e1tica plaza Azadi (libertad) de Teher\u00e1n.<\/p>\n\n\n\n<p>Los participantes que portaban las banderas de Ir\u00e1n, Palestina y de la organizaci\u00f3n Hizbul\u00e1 del L\u00edbano, marcharon con gritos de \u201cmuerte a Israel\u201d y \u201cmuerte a Estados Unidos\u201d, al que acusaron de ser c\u00f3mplice de los \u201ccr\u00edmenes israel\u00edes\u201d.<\/p>\n\n\n\n<p>\u201cEl asesinato de Haniyeh es la gota que ha colmado el vaso. Vamos a vengarnos de este y otros cr\u00edmenes israel\u00edes\u201d, declar\u00f3 a EFE Sa\u00edd, de 46 a\u00f1os, quien portaba una foto del l\u00edder palestino.<\/p>\n\n\n\n<p>El ingeniero mec\u00e1nico, vestido de negro, llam\u00f3 a \u201cacabar con el r\u00e9gimen usurpador de Israel\u201d, por lo que dijo es necesario \u201cfrenar el apoyo incondicional de Estados Unidos\u201d a Tel Aviv.<\/p>\n\n\n\n<p>Tras confirmarse la muerte de Haniyeh, el l\u00edder supremo iran\u00ed amenaz\u00f3 con dar una respuesta directa a Israel.<\/p>\n\n\n\n<p>LA RESPUESTA<\/p>\n\n\n\n<p>El primer ministro de Israel, Benjam\u00edn Netanyahu, asegur\u00f3 este jueves 1 de agosto en la reuni\u00f3n con el Comando del Frente Interior del Ej\u00e9rcito que el pa\u00eds est\u00e1 preparado para \u201ccualquier escenario, defensivo u ofensivo\u201d en pleno pico de tensiones en la regi\u00f3n tras los ataques contra L\u00edbano e Ir\u00e1n.<\/p>\n\n\n\n<p>\u201cCobraremos un precio muy alto por cualquier acto de agresi\u00f3n desde cualquier \u00e1mbito\u201d, advirti\u00f3 el l\u00edder israel\u00ed.<\/p>\n\n\n\n<p>La posible represalia de los vecinos de Israel tras los ataques contra Beirut, en el que muri\u00f3 el comandante del grupo chi\u00ed Hizbul\u00e1 Fuad Shukr, y contra Teher\u00e1n, que acab\u00f3 con la vida del l\u00edder de Ham\u00e1s, Ismail Haniyeh, ha puesto en alerta a toda la regi\u00f3n.<\/p>\n\n\n\n<p>Israel no se ha pronunciado sobre la muerte de Haniyeh para confirmar o desmentir su responsabilidad en el ataque, como suele hacer con las operaciones en Ir\u00e1n, si bien nadie duda en atribuir la explosi\u00f3n que acab\u00f3 con el islamista al Estado hebreo.<\/p>\n\n\n\n<p>En la reuni\u00f3n, el l\u00edder israel\u00ed celebr\u00f3 la confirmaci\u00f3n de este jueves de la muerte de Mohamed Deif, el \u2018n\u00famero dos\u2019 de Ham\u00e1s en Gaza y cabecilla del brazo armado del grupo, las Brigadas al Qasam.<\/p>\n\n\n\n<p>\u201cFue el hombre n\u00famero uno en busca y captura de Israel durante muchos a\u00f1os\u201d, dijo el mandatario durante la reuni\u00f3n. De hecho, Israel lo consideraba el actor intelectual -junto con el l\u00edder de Ham\u00e1s en Gaza, Yahya Sinwar- de los ataques del 7 de octubre de 2023 en su territorio, que dejaron 1.200 muertos y 250 secuestrados, y desat\u00f3 la actual guerra en Gaza, con m\u00e1s de 39.400 muertos palestinos.<\/p>\n\n\n\n<p>(Informaci\u00f3n de la agencia EFE en \u201cEl Financiero\u201d)<\/p>\n","protected":false},"excerpt":{"rendered":"<p>Redacci\u00f3n\/Zona Roja Cdmx. Ciudad de M\u00e9xico, a 2 de agosto de 2024.- Miles de personas&hellip;<\/p>\n","protected":false},"author":2,"featured_media":70979,"comment_status":"closed","ping_status":"open","sticky":false,"template":"","format":"standard","meta":{"_lmt_disableupdate":"","_lmt_disable":"","_jetpack_memberships_contains_paid_content":false,"footnotes":""},"categories":[109,47],"tags":[2668],"class_list":["post-70978","post","type-post","status-publish","format-standard","has-post-thumbnail","hentry","category-minuto-a-minuto","category-zona-gris","tag-conflicto-gaza-israel"],"jetpack_featured_media_url":"https:\/\/zonaroja.com.mx\/wp-content\/uploads\/2024\/08\/Sepelio-lider-militar-Hamas-Palestina.webp","jetpack_sharing_enabled":true,"_links":{"self":[{"href":"https:\/\/zonaroja.com.mx\/index.php?rest_route=\/wp\/v2\/posts\/70978","targetHints":{"allow":["GET"]}}],"collection":[{"href":"https:\/\/zonaroja.com.mx\/index.php?rest_route=\/wp\/v2\/posts"}],"about":[{"href":"https:\/\/zonaroja.com.mx\/index.php?rest_route=\/wp\/v2\/types\/post"}],"author":[{"embeddable":true,"href":"https:\/\/zonaroja.com.mx\/index.php?rest_route=\/wp\/v2\/users\/2"}],"replies":[{"embeddable":true,"href":"https:\/\/zonaroja.com.mx\/index.php?rest_route=%2Fwp%2Fv2%2Fcomments&post=70978"}],"version-history":[{"count":1,"href":"https:\/\/zonaroja.com.mx\/index.php?rest_route=\/wp\/v2\/posts\/70978\/revisions"}],"predecessor-version":[{"id":70980,"href":"https:\/\/zonaroja.com.mx\/index.php?rest_route=\/wp\/v2\/posts\/70978\/revisions\/70980"}],"wp:featuredmedia":[{"embeddable":true,"href":"https:\/\/zonaroja.com.mx\/index.php?rest_route=\/wp\/v2\/media\/70979"}],"wp:attachment":[{"href":"https:\/\/zonaroja.com.mx\/index.php?rest_route=%2Fwp%2Fv2%2Fmedia&parent=70978"}],"wp:term":[{"taxonomy":"category","embeddable":true,"href":"https:\/\/zonaroja.com.mx\/index.php?rest_route=%2Fwp%2Fv2%2Fcategories&post=70978"},{"taxonomy":"post_tag","embeddable":true,"href":"https:\/\/zonaroja.com.mx\/index.php?rest_route=%2Fwp%2Fv2%2Ftags&post=70978"}],"curies":[{"name":"wp","href":"https:\/\/api.w.org\/{rel}","templated":true}]}}