{"id":70981,"date":"2024-08-02T07:01:58","date_gmt":"2024-08-02T13:01:58","guid":{"rendered":"https:\/\/zonaroja.com.mx\/?p=70981"},"modified":"2024-08-02T07:02:00","modified_gmt":"2024-08-02T13:02:00","slug":"instala-dif-programa-de-verano-para-ninez-en-ciudad-de-las-canteras","status":"publish","type":"post","link":"https:\/\/zonaroja.com.mx\/?p=70981","title":{"rendered":"Instala DIF programa de verano para ni\u00f1ez, en Ciudad de las Canteras"},"content":{"rendered":"\n<p>Redacci\u00f3n\/Zona Roja.<\/p>\n\n\n\n<p>Oaxaca de Ju\u00e1rez, Oax., 2 de agosto 2024.- Con la finalidad de que ni\u00f1as, ni\u00f1os y adolescentes disfruten de unas incre\u00edbles vacaciones, el Gobierno del Estado, a trav\u00e9s del Sistema para el Desarrollo Integral de la Familia (DIF) Oaxaca, realiza, por segundo a\u00f1o consecutivo, la actividad Vera Ni\u00f1ez, del 1 al 25 de agosto en el parque Las Canteras, en un horario de 11:00 a 17:00 horas.<\/p>\n\n\n\n<p>Se trata de 197 actividades l\u00fadicas, recreativas y art\u00edsticas organizadas por diversas dependencias de la administraci\u00f3n p\u00fablica estatal, entre las que destaca el programa de fomento a la lectura Minutos para Imaginar, Guardianes de los Derechos y la Diverti Ruta, en su d\u00e9cima octava edici\u00f3n a llevarse a cabo este domingo 4 de agosto para que las familias oaxaque\u00f1as puedan disfrutar de un recorrido lleno de sorpresas, diversi\u00f3n y aprendizaje.<\/p>\n\n\n\n<p>Adem\u00e1s de inflables, alberca de pelotas, juegos gigantes de serpientes y escaleras, boliche, pinta caritas, show de payasos y de botargas, as\u00ed como did\u00e1cticos, entre otros.<\/p>\n\n\n\n<p>Con la recuperaci\u00f3n de este espacio p\u00fablico, se antepone el Inter\u00e9s Superior de la Ni\u00f1ez y Adolescencia, mediante la promoci\u00f3n de acciones que garanticen los derechos de este sector de la poblaci\u00f3n en todos los sentidos.<\/p>\n\n\n\n<p>Adem\u00e1s de la garant\u00eda y protecci\u00f3n de sus derechos para una vida sana y libre de violencia, Vera Ni\u00f1ez procurar\u00e1 que tengan derecho al juego y al esparcimiento, adem\u00e1s de conocer m\u00e1s sobre sus derechos de una manera interactiva y entretenida.<\/p>\n\n\n\n<p>La seguridad es una prioridad para todas las familias, por lo que se tienen contempladas las medidas necesarias para cuidar la integridad de todas y de todos.<\/p>\n\n\n\n<p>Para ello, se contar\u00e1 con la presencia del personal de la Coordinaci\u00f3n Estatal de Protecci\u00f3n Civil y Gesti\u00f3n de Riesgos (CEPCyGR), el Honorable Cuerpo de Bomberos, la Polic\u00eda Auxiliar, Bancaria, Industrial y Comercial (PABIC) y la Polic\u00eda Estatal de la Secretar\u00eda de Seguridad y Protecci\u00f3n Ciudadana (SSPC).<\/p>\n\n\n\n<p>Asimismo, los d\u00edas 4, 8, 13, 18 y 23 de julio a las 19:00 horas los Servicios de Salud realizar\u00e1n nebulizaciones para bienestar de todas y todos.<\/p>\n","protected":false},"excerpt":{"rendered":"<p>Redacci\u00f3n\/Zona Roja. Oaxaca de Ju\u00e1rez, Oax., 2 de agosto 2024.- Con la finalidad de que&hellip;<\/p>\n","protected":false},"author":2,"featured_media":70982,"comment_status":"closed","ping_status":"open","sticky":false,"template":"","format":"standard","meta":{"_lmt_disableupdate":"","_lmt_disable":"","_jetpack_memberships_contains_paid_content":false,"footnotes":""},"categories":[109,46],"tags":[841],"class_list":["post-70981","post","type-post","status-publish","format-standard","has-post-thumbnail","hentry","category-minuto-a-minuto","category-zona-blanca","tag-dif-oaxaca"],"jetpack_featured_media_url":"https:\/\/zonaroja.com.mx\/wp-content\/uploads\/2024\/08\/DIf-Oaxaca-Vera-Ninez.jpeg","jetpack_sharing_enabled":true,"_links":{"self":[{"href":"https:\/\/zonaroja.com.mx\/index.php?rest_route=\/wp\/v2\/posts\/70981","targetHints":{"allow":["GET"]}}],"collection":[{"href":"https:\/\/zonaroja.com.mx\/index.php?rest_route=\/wp\/v2\/posts"}],"about":[{"href":"https:\/\/zonaroja.com.mx\/index.php?rest_route=\/wp\/v2\/types\/post"}],"author":[{"embeddable":true,"href":"https:\/\/zonaroja.com.mx\/index.php?rest_route=\/wp\/v2\/users\/2"}],"replies":[{"embeddable":true,"href":"https:\/\/zonaroja.com.mx\/index.php?rest_route=%2Fwp%2Fv2%2Fcomments&post=70981"}],"version-history":[{"count":1,"href":"https:\/\/zonaroja.com.mx\/index.php?rest_route=\/wp\/v2\/posts\/70981\/revisions"}],"predecessor-version":[{"id":70983,"href":"https:\/\/zonaroja.com.mx\/index.php?rest_route=\/wp\/v2\/posts\/70981\/revisions\/70983"}],"wp:featuredmedia":[{"embeddable":true,"href":"https:\/\/zonaroja.com.mx\/index.php?rest_route=\/wp\/v2\/media\/70982"}],"wp:attachment":[{"href":"https:\/\/zonaroja.com.mx\/index.php?rest_route=%2Fwp%2Fv2%2Fmedia&parent=70981"}],"wp:term":[{"taxonomy":"category","embeddable":true,"href":"https:\/\/zonaroja.com.mx\/index.php?rest_route=%2Fwp%2Fv2%2Fcategories&post=70981"},{"taxonomy":"post_tag","embeddable":true,"href":"https:\/\/zonaroja.com.mx\/index.php?rest_route=%2Fwp%2Fv2%2Ftags&post=70981"}],"curies":[{"name":"wp","href":"https:\/\/api.w.org\/{rel}","templated":true}]}}