{"id":70984,"date":"2024-08-02T10:02:00","date_gmt":"2024-08-02T16:02:00","guid":{"rendered":"https:\/\/zonaroja.com.mx\/?p=70984"},"modified":"2024-08-02T07:03:32","modified_gmt":"2024-08-02T13:03:32","slug":"otra-del-imss-entrega-viva-a-una-bebe-a-una-funeraria","status":"publish","type":"post","link":"https:\/\/zonaroja.com.mx\/?p=70984","title":{"rendered":"Otra del IMSS: entrega viva a una beb\u00e9 a una funeraria"},"content":{"rendered":"\n<p>Redacci\u00f3n\/Zona Roja Cdmx.<\/p>\n\n\n\n<p>Ciudad de M\u00e9xico, a 2 de agosto de 2024.- Una beb\u00e9 reci\u00e9n nacida fue llevada a una funeraria privada luego de fue declarada muerta por m\u00e9dicos del Instituto Mexicano del Seguro Social (IMSS) que la atendieron en Tuxtla Guti\u00e9rrez, Chiapas. Sin embargo, personal del establecimiento descubri\u00f3 que en realidad estaba viva.<\/p>\n\n\n\n<p>La menor de edad fue trasladada al hospital en cuanto empleados de la funeraria descubrieron que ten\u00eda signos vitales, pero no sobrevivi\u00f3.<\/p>\n\n\n\n<p>\u201cEl Instituto lamenta profundamente el fallecimiento de la menor y se solidariza con los padres, a quienes garantiza todo su respaldo y acompa\u00f1amiento\u201d, destac\u00f3.<\/p>\n\n\n\n<p>Por otra parte, inform\u00f3 que se inici\u00f3 una investigaci\u00f3n para determinar qu\u00e9 sucedi\u00f3 con la beb\u00e9, quien naci\u00f3 prematuramente el pasado 30 de julio.<\/p>\n\n\n\n<p>En espec\u00edfico, \u201cdetermin\u00f3 enviar un equipo especial e integral de nivel central del IMSS para el esclarecimiento de los hechos, desde la perspectiva m\u00e9dica, atenci\u00f3n a la derechohabiencia y de derechos humanos\u201d.<\/p>\n\n\n\n<p>Paralelamente, las autoridades correspondientes investigan el caso. Al respecto, el IMSS asegur\u00f3 que colaborar\u00e1 en todo momento.<\/p>\n\n\n\n<p>Finalmente, el instituto adelant\u00f3 que informar\u00e1 oportunamente sobre el avance de las averiguaciones.<\/p>\n\n\n\n<p>\u201cSeguiremos informando para dar a conocer m\u00e1s detalles sobre el caso y el desarrollo de la investigaci\u00f3n y el deslinde de responsabilidades que en su caso existan\u201d, puntualiz\u00f3.<\/p>\n\n\n\n<p>De acuerdo con medios locales, el pasado 29 de julio una mujer de 29 a\u00f1os ingres\u00f3 de emergencia al Hospital General de Zona (HGZ) No. 2 en Tuxtla Guti\u00e9rrez teniendo, 23 semanas de gestaci\u00f3n. Horas m\u00e1s tarde dio a luz.<\/p>\n\n\n\n<p>La madre se\u00f1al\u00f3 que su hija naci\u00f3 viva, pero un d\u00eda despu\u00e9s de su nacimiento el personal m\u00e9dico le inform\u00f3 que hab\u00eda fallecido. Fue entonces que empleados de una funeraria privada acudieron al hospital para trasladarla hasta sus instalaciones, ubicadas en el Recinto San Jos\u00e9, en Ter\u00e1n.<\/p>\n\n\n\n<p>Al llegar a la funeraria, el personal que se encargar\u00eda de preparar el cuerpo descubri\u00f3 que la beb\u00e9 no estaba muerta. Presuntamente fueron ellos quienes de inmediato la llevaron de vuelta a la cl\u00ednica del IMSS, donde falleci\u00f3.<\/p>\n\n\n\n<p>(Informaci\u00f3n de Infobae M\u00e9xico)<\/p>\n","protected":false},"excerpt":{"rendered":"<p>Redacci\u00f3n\/Zona Roja Cdmx. Ciudad de M\u00e9xico, a 2 de agosto de 2024.- Una beb\u00e9 reci\u00e9n&hellip;<\/p>\n","protected":false},"author":2,"featured_media":70985,"comment_status":"closed","ping_status":"open","sticky":false,"template":"","format":"standard","meta":{"_lmt_disableupdate":"","_lmt_disable":"","_jetpack_memberships_contains_paid_content":false,"footnotes":""},"categories":[109,47],"tags":[219],"class_list":["post-70984","post","type-post","status-publish","format-standard","has-post-thumbnail","hentry","category-minuto-a-minuto","category-zona-gris","tag-imss"],"jetpack_featured_media_url":"https:\/\/zonaroja.com.mx\/wp-content\/uploads\/2024\/08\/Hospital-IMSS-Tuxtla-Chiapas.jpeg","jetpack_sharing_enabled":true,"_links":{"self":[{"href":"https:\/\/zonaroja.com.mx\/index.php?rest_route=\/wp\/v2\/posts\/70984","targetHints":{"allow":["GET"]}}],"collection":[{"href":"https:\/\/zonaroja.com.mx\/index.php?rest_route=\/wp\/v2\/posts"}],"about":[{"href":"https:\/\/zonaroja.com.mx\/index.php?rest_route=\/wp\/v2\/types\/post"}],"author":[{"embeddable":true,"href":"https:\/\/zonaroja.com.mx\/index.php?rest_route=\/wp\/v2\/users\/2"}],"replies":[{"embeddable":true,"href":"https:\/\/zonaroja.com.mx\/index.php?rest_route=%2Fwp%2Fv2%2Fcomments&post=70984"}],"version-history":[{"count":1,"href":"https:\/\/zonaroja.com.mx\/index.php?rest_route=\/wp\/v2\/posts\/70984\/revisions"}],"predecessor-version":[{"id":70986,"href":"https:\/\/zonaroja.com.mx\/index.php?rest_route=\/wp\/v2\/posts\/70984\/revisions\/70986"}],"wp:featuredmedia":[{"embeddable":true,"href":"https:\/\/zonaroja.com.mx\/index.php?rest_route=\/wp\/v2\/media\/70985"}],"wp:attachment":[{"href":"https:\/\/zonaroja.com.mx\/index.php?rest_route=%2Fwp%2Fv2%2Fmedia&parent=70984"}],"wp:term":[{"taxonomy":"category","embeddable":true,"href":"https:\/\/zonaroja.com.mx\/index.php?rest_route=%2Fwp%2Fv2%2Fcategories&post=70984"},{"taxonomy":"post_tag","embeddable":true,"href":"https:\/\/zonaroja.com.mx\/index.php?rest_route=%2Fwp%2Fv2%2Ftags&post=70984"}],"curies":[{"name":"wp","href":"https:\/\/api.w.org\/{rel}","templated":true}]}}