{"id":70987,"date":"2024-08-02T09:27:00","date_gmt":"2024-08-02T15:27:00","guid":{"rendered":"https:\/\/zonaroja.com.mx\/?p=70987"},"modified":"2024-08-02T07:38:43","modified_gmt":"2024-08-02T13:38:43","slug":"crece-inconformidad-sindical-en-oaxaca-contra-el-imss-bienestar","status":"publish","type":"post","link":"https:\/\/zonaroja.com.mx\/?p=70987","title":{"rendered":"Crece inconformidad sindical en Oaxaca contra el IMSS Bienestar"},"content":{"rendered":"\n<p>Ismael Garc\u00eda M.\/Zona Roja.<\/p>\n\n\n\n<p>Oaxaca de Ju\u00e1rez, Oax., a 2 de agosto de 2024.- Ante la apat\u00eda del secretario General de la Secci\u00f3n 35 del Sindicato Nacional de Trabajadores de Salud, Omar L\u00f3pez S\u00e1nchez, crece la inconformidad laboral contra el IMSS Bienestar.<\/p>\n\n\n\n<p>Las dirigencias de las subsecciones sindicales Valles Centrales, Istmo y Mixteca emitieron comunicados para exigir una mesa de di\u00e1logo y para revisar la transici\u00f3n as\u00ed como las designaciones que ha hecho el programa federal en diversos hospitales y cl\u00ednicas del estado que, aseguran, afecta al gremio.<\/p>\n\n\n\n<p>\u201cLa irresponsabilidad por parte de las autoridades de los Servicios de Salud de Oaxaca (SSO) y el OPD IMSS Bienestar, por la falta de comunicaci\u00f3n que existe entre ambas instituciones con posturas absurdas que no abonan en absoluto para que se efect\u00fae una transici\u00f3n lo m\u00e1s tersa posible, aunado que el OPD no cuenta con la estructura, no existe interlocutor directo que atienda y resuelva las incidencias\u2026\u201d, se quej\u00f3 la subsecci\u00f3n Valles Centrales, que encabeza Roberto Javier Gij\u00f3n.<\/p>\n\n\n\n<p>Alerta que en caso de que no haya atenci\u00f3n inmediata para resolver la problem\u00e1tica, \u201cno omitimos manifestar que estamos en la disposici\u00f3n de generar las acciones que tengan que ser necesarias para que en unidad defendamos los derechos de nuestros agremiados\u201d.<\/p>\n\n\n\n<p>Un documento similar emiti\u00f3 la subsecci\u00f3n 02 Istmo, que encabeza \u00c9dgar Carrasco Mart\u00ednez, en que manifiesta lentitud en el proceso de cambio y afectaciones en los nombramientos de plazas de base ya asignadas.<\/p>\n\n\n\n<p>\u201cLa presente solicitud surge porque existe una gran dilaci\u00f3n en algunos casos de m\u00e1s de dos meses en la entrega de \u00e9stos, lo que genera incertidumbre laboral entre los trabajadores al no contar con un documento oficial despu\u00e9s de haber renunciado a su plaza anterior, hay interrupci\u00f3n en su aparici\u00f3n en n\u00f3mina y de quincenas, aunado a que nos encontramos en proceso de transferencia al IMSS Bienestar\u201d, se\u00f1ala.<\/p>\n\n\n\n<p>En otro documento, el mismo representan sindical denuncia que los procesos administrativos de cambio de r\u00e9gimen, de los SSO al IMSS Bienestar, han quedado truncos, \u201ccon falta de seguimiento o de autorizaci\u00f3n, dado que los trabajadores que operan dichas oficinas se han deslindado totalmente para realizar los tr\u00e1mites\u201d.<\/p>\n\n\n\n<p>La subsecci\u00f3n 05, que dirige Hilario G. Canseco Guzm\u00e1n, emiti\u00f3 tambi\u00e9n un comunicado en que externa \u201cnuestro rechazo total al ingreso de este personal (IMSS Bienestar) y no permitiremos su acceso a los centros de trabajo.<\/p>\n\n\n\n<p>Esto porque demandan una mesa de trabajo para revisar acuerdos en que se privilegiar\u00eda al personal sindicalizado de mayor antig\u00fcedad en la movilidad a centros urbanos m\u00e1s cercanos y en los lugares donde entrar\u00eda el personal de nuevo ingreso.<\/p>\n","protected":false},"excerpt":{"rendered":"<p>Ismael Garc\u00eda M.\/Zona Roja. Oaxaca de Ju\u00e1rez, Oax., a 2 de agosto de 2024.- Ante&hellip;<\/p>\n","protected":false},"author":2,"featured_media":70988,"comment_status":"closed","ping_status":"open","sticky":false,"template":"","format":"standard","meta":{"_lmt_disableupdate":"","_lmt_disable":"","_jetpack_memberships_contains_paid_content":false,"footnotes":""},"categories":[109,47],"tags":[1005],"class_list":["post-70987","post","type-post","status-publish","format-standard","has-post-thumbnail","hentry","category-minuto-a-minuto","category-zona-gris","tag-servicios-de-salud-de-oaxaca-sso"],"jetpack_featured_media_url":"https:\/\/zonaroja.com.mx\/wp-content\/uploads\/2024\/08\/Comunicados-subsecciones-sindicato-Salud-Oaxaca.jpg","jetpack_sharing_enabled":true,"_links":{"self":[{"href":"https:\/\/zonaroja.com.mx\/index.php?rest_route=\/wp\/v2\/posts\/70987","targetHints":{"allow":["GET"]}}],"collection":[{"href":"https:\/\/zonaroja.com.mx\/index.php?rest_route=\/wp\/v2\/posts"}],"about":[{"href":"https:\/\/zonaroja.com.mx\/index.php?rest_route=\/wp\/v2\/types\/post"}],"author":[{"embeddable":true,"href":"https:\/\/zonaroja.com.mx\/index.php?rest_route=\/wp\/v2\/users\/2"}],"replies":[{"embeddable":true,"href":"https:\/\/zonaroja.com.mx\/index.php?rest_route=%2Fwp%2Fv2%2Fcomments&post=70987"}],"version-history":[{"count":1,"href":"https:\/\/zonaroja.com.mx\/index.php?rest_route=\/wp\/v2\/posts\/70987\/revisions"}],"predecessor-version":[{"id":70989,"href":"https:\/\/zonaroja.com.mx\/index.php?rest_route=\/wp\/v2\/posts\/70987\/revisions\/70989"}],"wp:featuredmedia":[{"embeddable":true,"href":"https:\/\/zonaroja.com.mx\/index.php?rest_route=\/wp\/v2\/media\/70988"}],"wp:attachment":[{"href":"https:\/\/zonaroja.com.mx\/index.php?rest_route=%2Fwp%2Fv2%2Fmedia&parent=70987"}],"wp:term":[{"taxonomy":"category","embeddable":true,"href":"https:\/\/zonaroja.com.mx\/index.php?rest_route=%2Fwp%2Fv2%2Fcategories&post=70987"},{"taxonomy":"post_tag","embeddable":true,"href":"https:\/\/zonaroja.com.mx\/index.php?rest_route=%2Fwp%2Fv2%2Ftags&post=70987"}],"curies":[{"name":"wp","href":"https:\/\/api.w.org\/{rel}","templated":true}]}}